{"id":948,"date":"2016-11-26T13:11:21","date_gmt":"2016-11-26T12:11:21","guid":{"rendered":"http:\/\/blogs.hoy.es\/guirisporextremadura\/?p=948"},"modified":"2016-11-26T13:11:21","modified_gmt":"2016-11-26T12:11:21","slug":"helga-muller-de-alvear","status":"publish","type":"post","link":"https:\/\/blogs.hoy.es\/guirisporextremadura\/2016\/11\/26\/helga-muller-de-alvear\/","title":{"rendered":"Helga (M\u00fcller) de Alvear"},"content":{"rendered":"<div id=\"attachment_949\" style=\"width: 310px\" class=\"wp-caption aligncenter\"><a href=\"\/guirisporextremadura\/wp-content\/uploads\/sites\/70\/2016\/11\/1287166553_1.jpg\"><img aria-describedby=\"caption-attachment-949\" loading=\"lazy\" class=\"size-medium wp-image-949\" src=\"\/guirisporextremadura\/wp-content\/uploads\/sites\/70\/2016\/11\/1287166553_1.jpg\" alt=\"Helga de Alvear\" width=\"300\" height=\"199\" srcset=\"https:\/\/static-blogs.hoy.es\/wp-content\/uploads\/sites\/70\/2016\/11\/1287166553_1.jpg 470w, https:\/\/static-blogs.hoy.es\/wp-content\/uploads\/sites\/70\/2016\/11\/1287166553_1-300x200.jpg 300w\" sizes=\"(max-width: 300px) 100vw, 300px\" \/><\/a><p id=\"caption-attachment-949\" class=\"wp-caption-text\">Helga de Alvear<\/p><\/div>\n<p>&nbsp;<\/p>\n<p>&nbsp;<\/p>\n<p>&nbsp;<\/p>\n<p>&nbsp;<\/p>\n<p>&nbsp;<\/p>\n<p>Con casi ochenta a\u00f1os f\u00e9rtiles de trayectoria, familia y vida, esta guiri lleva en Espa\u00f1a desde 1957, proveniente de Alemania. Nace en 1936 en la ciudad de <a title=\"Kirn\/Nahe (a\u00fan no redactado)\" href=\"https:\/\/es.wikipedia.org\/w\/index.php?title=Kirn\/Nahe&#038;action=edit&#038;redlink=1\">Kirn\/Nahe<\/a> (<a title=\"Renania-Palatinado\" href=\"https:\/\/es.wikipedia.org\/wiki\/Renania-Palatinado\">Renania-Palatinado<\/a>) en <a title=\"Alemania\" href=\"https:\/\/es.wikipedia.org\/wiki\/Alemania\">Alemania<\/a>. Su estancia en Espa\u00f1a est\u00e1 fijada a su matrimonio con el arquitecto Jaime de Alvear, que seg\u00fan declaraciones sufri\u00f3 lo que los franceses llaman el <em>coup de foudre, <\/em>o sea, un flechazo en toda regla.<\/p>\n<div id=\"attachment_950\" style=\"width: 310px\" class=\"wp-caption aligncenter\"><a href=\"\/guirisporextremadura\/wp-content\/uploads\/sites\/70\/2016\/11\/untitled1.png\"><img aria-describedby=\"caption-attachment-950\" loading=\"lazy\" class=\"size-medium wp-image-950\" src=\"\/guirisporextremadura\/wp-content\/uploads\/sites\/70\/2016\/11\/untitled1.png\" alt=\"Jaime y Helga de Alvear\" width=\"300\" height=\"167\" srcset=\"https:\/\/static-blogs.hoy.es\/wp-content\/uploads\/sites\/70\/2016\/11\/untitled1.png 780w, https:\/\/static-blogs.hoy.es\/wp-content\/uploads\/sites\/70\/2016\/11\/untitled1-300x168.png 300w, https:\/\/static-blogs.hoy.es\/wp-content\/uploads\/sites\/70\/2016\/11\/untitled1-768x429.png 768w\" sizes=\"(max-width: 300px) 100vw, 300px\" \/><\/a><p id=\"caption-attachment-950\" class=\"wp-caption-text\">Jaime y Helga de Alvear<\/p><\/div>\n<p>&nbsp;<\/p>\n<p>&nbsp;<\/p>\n<p>&nbsp;<\/p>\n<p>Su marido, un profesional de gran prestigio, particip\u00f3 en la construcci\u00f3n del<strong> <\/strong><strong>proyecto con S\u00e1enz de Oiza del Poblado dirigido de Entrev\u00edas<\/strong> en Madrid, resultando ser uno de los arquitectos de moda y con mayor compromiso social de la \u00e9poca.<\/p>\n<div id=\"attachment_951\" style=\"width: 310px\" class=\"wp-caption aligncenter\"><a href=\"\/guirisporextremadura\/wp-content\/uploads\/sites\/70\/2016\/11\/POBLADO.jpg\"><img aria-describedby=\"caption-attachment-951\" loading=\"lazy\" class=\"size-medium wp-image-951\" src=\"\/guirisporextremadura\/wp-content\/uploads\/sites\/70\/2016\/11\/POBLADO.jpg\" alt=\"Poblado Entrev\u00edas\" width=\"300\" height=\"225\" srcset=\"https:\/\/static-blogs.hoy.es\/wp-content\/uploads\/sites\/70\/2016\/11\/POBLADO.jpg 736w, https:\/\/static-blogs.hoy.es\/wp-content\/uploads\/sites\/70\/2016\/11\/POBLADO-300x225.jpg 300w\" sizes=\"(max-width: 300px) 100vw, 300px\" \/><\/a><p id=\"caption-attachment-951\" class=\"wp-caption-text\">Poblado Entrev\u00edas<\/p><\/div>\n<p>&nbsp;<\/p>\n<p>&nbsp;<\/p>\n<p>&nbsp;<\/p>\n<p>&nbsp;<\/p>\n<p>Su vinculaci\u00f3n con el arte de vanguardia empez\u00f3 tambi\u00e9n pronto, en 1967, al hilo de su amistad y relaci\u00f3n profesional con Juana Mord\u00f3, a la que sustituy\u00f3 posteriormente\u00a0 en la direcci\u00f3n de su galer\u00eda de arte. Helga de Alvear entra en contacto con los artistas del <a title=\"Grupo de Cuenca (a\u00fan no redactado)\" href=\"https:\/\/es.wikipedia.org\/w\/index.php?title=Grupo_de_Cuenca&#038;action=edit&#038;redlink=1\">grupo de Cuenca<\/a> y de <a title=\"El Paso (grupo)\" href=\"https:\/\/es.wikipedia.org\/wiki\/El_Paso_(grupo)\">El Paso<\/a>, lo cual le hace adquirir cada vez m\u00e1s inter\u00e9s por el panorama art\u00edstico espa\u00f1ol y comenzar lo que actualmente es su colecci\u00f3n de arte. En enero de 1980 entra a formar parte de la plantilla de la galer\u00eda Juana Mord\u00f3, puesto en el que adquiere mayores conocimientos, tanto de gesti\u00f3n como acerca del mundo art\u00edstico internacional. A ello contribuye la participaci\u00f3n en ferias de gran relevancia como <a title=\"Art Basel (a\u00fan no redactado)\" href=\"https:\/\/es.wikipedia.org\/w\/index.php?title=Art_Basel&#038;action=edit&#038;redlink=1\">Art Basel<\/a>, <a title=\"Fiac\" href=\"https:\/\/es.wikipedia.org\/wiki\/Fiac\">Fiac<\/a> en Par\u00eds o la Feria de Colonia, o la colaboraci\u00f3n para la creaci\u00f3n de la feria de <a title=\"ARCO\" href=\"https:\/\/es.wikipedia.org\/wiki\/ARCO\">ARCO<\/a> en 1982.<\/p>\n<div id=\"attachment_953\" style=\"width: 310px\" class=\"wp-caption alignleft\"><a href=\"\/guirisporextremadura\/wp-content\/uploads\/sites\/70\/2016\/11\/fernando-zobel-saetas-saeta-40.jpg\"><img aria-describedby=\"caption-attachment-953\" loading=\"lazy\" class=\"size-medium wp-image-953\" src=\"\/guirisporextremadura\/wp-content\/uploads\/sites\/70\/2016\/11\/fernando-zobel-saetas-saeta-40.jpg\" alt=\"Fernando Z\u00f3bel. Grupo de Cuenca\" width=\"300\" height=\"199\" srcset=\"https:\/\/static-blogs.hoy.es\/wp-content\/uploads\/sites\/70\/2016\/11\/fernando-zobel-saetas-saeta-40.jpg 1400w, https:\/\/static-blogs.hoy.es\/wp-content\/uploads\/sites\/70\/2016\/11\/fernando-zobel-saetas-saeta-40-300x200.jpg 300w, https:\/\/static-blogs.hoy.es\/wp-content\/uploads\/sites\/70\/2016\/11\/fernando-zobel-saetas-saeta-40-768x512.jpg 768w, https:\/\/static-blogs.hoy.es\/wp-content\/uploads\/sites\/70\/2016\/11\/fernando-zobel-saetas-saeta-40-1024x682.jpg 1024w\" sizes=\"(max-width: 300px) 100vw, 300px\" \/><\/a><p id=\"caption-attachment-953\" class=\"wp-caption-text\">Fernando Z\u00f3bel. Grupo de Cuenca<\/p><\/div>\n<p>&nbsp;<\/p>\n<blockquote>\n<div id=\"attachment_954\" style=\"width: 310px\" class=\"wp-caption alignright\"><a href=\"\/guirisporextremadura\/wp-content\/uploads\/sites\/70\/2016\/11\/Luis-Feito-Grupo-el-Paso.jpg\"><img aria-describedby=\"caption-attachment-954\" loading=\"lazy\" class=\"size-medium wp-image-954\" src=\"\/guirisporextremadura\/wp-content\/uploads\/sites\/70\/2016\/11\/Luis-Feito-Grupo-el-Paso.jpg\" alt=\"Luis Feito. Grupo el Paso\" width=\"300\" height=\"229\" srcset=\"https:\/\/static-blogs.hoy.es\/wp-content\/uploads\/sites\/70\/2016\/11\/Luis-Feito-Grupo-el-Paso.jpg 500w, https:\/\/static-blogs.hoy.es\/wp-content\/uploads\/sites\/70\/2016\/11\/Luis-Feito-Grupo-el-Paso-300x230.jpg 300w\" sizes=\"(max-width: 300px) 100vw, 300px\" \/><\/a><p id=\"caption-attachment-954\" class=\"wp-caption-text\">Luis Feito. Grupo el Paso<\/p><\/div>\n<p>&nbsp;<\/p>\n<p>&nbsp;<\/p>\n<p>&nbsp;<\/p>\n<p>&nbsp;<\/p>\n<p>&nbsp;<\/p>\n<p>&nbsp;<\/p>\n<p>&nbsp;<\/p>\n<p>&nbsp;<\/p>\n<p>&nbsp;<\/p>\n<p>&nbsp;<\/p>\n<p>\u201cA m\u00ed me interesa el arte contempor\u00e1neo, porque nos habla de nuestro tiempo y de nosotros mismos, porque crea y desarrolla lenguajes que pueden explicarnos, de manera nueva, el mundo que nos ha tocado vivir y del que a menudo s\u00f3lo rozamos la superficie.\u201d Helga de Alvear<\/p><\/blockquote>\n<p>Lleva entre nosotros, es decir, en Extremadura, desde los a\u00f1os 90, ligada al inter\u00e9s que despert\u00f3 su actividad dentro del mundo del Arte Contempor\u00e1neo al entonces Presidente Rodr\u00edguez Ibarra. Galerista, coleccionista, y verdadera abanderada del conocimiento y difusi\u00f3n del arte contempor\u00e1neo entre nosotros, su legado al d\u00eda de hoy reside en C\u00e1ceres, que as\u00ed puede felizmente contrapesar en la provincia del norte la presencia del Meiac en Badajoz.<\/p>\n<p><a href=\"\/guirisporextremadura\/wp-content\/uploads\/sites\/70\/2016\/11\/img_8748.jpg\"><img loading=\"lazy\" class=\"alignleft size-medium wp-image-955\" src=\"\/guirisporextremadura\/wp-content\/uploads\/sites\/70\/2016\/11\/img_8748.jpg\" alt=\"\" width=\"300\" height=\"161\" srcset=\"https:\/\/static-blogs.hoy.es\/wp-content\/uploads\/sites\/70\/2016\/11\/img_8748.jpg 550w, https:\/\/static-blogs.hoy.es\/wp-content\/uploads\/sites\/70\/2016\/11\/img_8748-300x161.jpg 300w\" sizes=\"(max-width: 300px) 100vw, 300px\" \/><\/a><\/p>\n<p>&nbsp;<\/p>\n<p>&nbsp;<\/p>\n<p>&nbsp;<\/p>\n<p>&nbsp;<\/p>\n<p>Actualmente la de Helga de Alvear es una de las galer\u00edas m\u00e1s s\u00f3lidas y de mayor trayectoria del panorama espa\u00f1ol con un innegable reconocimiento internacional. Lindera con el centro de arte Reina Sof\u00eda, de ello son prueba los diferentes premios que la galerista ha recibido, como la <a title=\"Medalla de Extremadura\" href=\"https:\/\/es.wikipedia.org\/wiki\/Medalla_de_Extremadura\">Medalla de Extremadura<\/a> en 2007, la <a title=\"Medalla de Oro al M\u00e9rito en las Bellas Artes\" href=\"https:\/\/es.wikipedia.org\/wiki\/Medalla_de_Oro_al_M%C3%A9rito_en_las_Bellas_Artes\">Medalla de Oro al M\u00e9rito en las Bellas Artes<\/a> concedida por el Ministerio de Cultura en 2008, la Medalla de C\u00e1ceres en 2011 y el Premio de la Fundaci\u00f3n Arte y Mecenazgo en la categor\u00eda Coleccionista en 2012.<\/p>\n<p><a href=\"\/guirisporextremadura\/wp-content\/uploads\/sites\/70\/2016\/11\/Imagen_12.jpg\"><img loading=\"lazy\" class=\"alignleft size-medium wp-image-956\" src=\"\/guirisporextremadura\/wp-content\/uploads\/sites\/70\/2016\/11\/Imagen_12.jpg\" alt=\"\" width=\"300\" height=\"199\" srcset=\"https:\/\/static-blogs.hoy.es\/wp-content\/uploads\/sites\/70\/2016\/11\/Imagen_12.jpg 700w, https:\/\/static-blogs.hoy.es\/wp-content\/uploads\/sites\/70\/2016\/11\/Imagen_12-300x199.jpg 300w\" sizes=\"(max-width: 300px) 100vw, 300px\" \/><\/a><a href=\"\/guirisporextremadura\/wp-content\/uploads\/sites\/70\/2016\/11\/MG_0210.jpg\"><img loading=\"lazy\" class=\"alignright size-medium wp-image-957\" src=\"\/guirisporextremadura\/wp-content\/uploads\/sites\/70\/2016\/11\/MG_0210.jpg\" alt=\"\" width=\"300\" height=\"200\" srcset=\"https:\/\/static-blogs.hoy.es\/wp-content\/uploads\/sites\/70\/2016\/11\/MG_0210.jpg 674w, https:\/\/static-blogs.hoy.es\/wp-content\/uploads\/sites\/70\/2016\/11\/MG_0210-300x200.jpg 300w\" sizes=\"(max-width: 300px) 100vw, 300px\" \/><\/a><\/p>\n<p>&nbsp;<\/p>\n<p>&nbsp;<\/p>\n<p>&nbsp;<\/p>\n<p>&nbsp;<\/p>\n<p>&nbsp;<\/p>\n<p>La colecci\u00f3n, que sigue en constante aumento, supera en la actualidad las 3.000 piezas de m\u00e1s de 500 reputados artistas espa\u00f1oles y extranjeros y, en ella, destacan pinturas y esculturas de variados estilos y formatos as\u00ed como v\u00eddeos e instalaciones, con abundante presencia de fotograf\u00edas y obras en papel. Un acervo que refleja bien la personalidad de Helga de Alvear, para quien la elecci\u00f3n de un artista \u00abes siempre una apuesta arriesgada\u00bb.<\/p>\n<p>Algunos de los creadores espa\u00f1oles que forman parte de su colecci\u00f3n \u00a0son Julio Gonz\u00e1lez, Joan Mir\u00f3, Pablo Picasso, Salvador Dal\u00ed, Jos\u00e9 Guerrero, Eduardo Chillida, Elena As\u00edns, Pablo Palazuelo, Antonio Saura, Equipo Cr\u00f3nica, Grupo El Paso, Mart\u00edn Chirino, Fernando Z\u00f3bel, Manolo Millares, Juan Mu\u00f1oz, Manuel Hern\u00e1ndez Momp\u00f3, Rafael Canogar, Luis Feito, Eusebio Sempere, Luis Gordillo, Carlos Alcolea, Ignasi Aball\u00ed, Cristina Iglesias, Guillermo P\u00e9rez Villalta, Miquel Barcel\u00f3, Jos\u00e9 Manuel Broto, Carmen Laff\u00f3n, Prudencio Iraz\u00e1bal, Jaume Plensa, Juan Navarro Baldeweg, Manuel Quejido y Juan Usl\u00e9.<\/p>\n<div id=\"attachment_958\" style=\"width: 244px\" class=\"wp-caption alignleft\"><a href=\"\/guirisporextremadura\/wp-content\/uploads\/sites\/70\/2016\/11\/Chillida.jpg\"><img aria-describedby=\"caption-attachment-958\" loading=\"lazy\" class=\"size-medium wp-image-958\" src=\"\/guirisporextremadura\/wp-content\/uploads\/sites\/70\/2016\/11\/Chillida.jpg\" alt=\"Chillida. Sobre Papel\" width=\"234\" height=\"300\" srcset=\"https:\/\/static-blogs.hoy.es\/wp-content\/uploads\/sites\/70\/2016\/11\/Chillida.jpg 1891w, https:\/\/static-blogs.hoy.es\/wp-content\/uploads\/sites\/70\/2016\/11\/Chillida-235x300.jpg 235w, https:\/\/static-blogs.hoy.es\/wp-content\/uploads\/sites\/70\/2016\/11\/Chillida-768x982.jpg 768w, https:\/\/static-blogs.hoy.es\/wp-content\/uploads\/sites\/70\/2016\/11\/Chillida-801x1024.jpg 801w\" sizes=\"(max-width: 234px) 100vw, 234px\" \/><\/a><p id=\"caption-attachment-958\" class=\"wp-caption-text\">Chillida. Sobre Papel<\/p><\/div>\n<a href=\"\/guirisporextremadura\/wp-content\/uploads\/sites\/70\/2016\/11\/Antonio-Saura.-Serie-Moi.jpg\"><img loading=\"lazy\" class=\"size-medium wp-image-959\" src=\"\/guirisporextremadura\/wp-content\/uploads\/sites\/70\/2016\/11\/Antonio-Saura.-Serie-Moi.jpg\" alt=\"Antonio Saura. Serie \"Moi\"\" width=\"300\" height=\"160\" srcset=\"https:\/\/static-blogs.hoy.es\/wp-content\/uploads\/sites\/70\/2016\/11\/Antonio-Saura.-Serie-Moi.jpg 450w, https:\/\/static-blogs.hoy.es\/wp-content\/uploads\/sites\/70\/2016\/11\/Antonio-Saura.-Serie-Moi-300x161.jpg 300w\" sizes=\"(max-width: 300px) 100vw, 300px\" \/><\/a>\n<p>&nbsp;<\/p>\n<p>&nbsp;<\/p>\n<p>&nbsp;<\/p>\n<p>&nbsp;<\/p>\n<p>&nbsp;<\/p>\n<p>&nbsp;<\/p>\n<p>&nbsp;<\/p>\n<p>&nbsp;<\/p>\n<p>&nbsp;<\/p>\n<p>&nbsp;<\/p>\n<p>Entre los artistas extranjeros presentes en la colecci\u00f3n se encuentran Vasili Kandinski, Josef Albers, Alexander Calder, Karel Appel, Marcel Duchamp, Josepf Beuys, Carl Andre, Marcel Broodthaers, Max Ernst, Louise Bourgeois, Francis Bacon, Anthony Caro, Jean Dubuffet, Sonia Delaunay, Yves Klein, Roy Lichtenstein, Martin Kippenberger, Morris Louis, Richard Hamilton, Andy Warhol, Dan Flavin, Lucio Fontana, Mathias Goeritz, Mark Tobey, Robert Rauschenberg, Donald Judd, Robert Mapplethorpe, Ad Reinhardt, Mona Hatoum, Robert Mangold, Victor Vasarely, Ellsworth Kelly, Richard Lindner, Alberto Greco, John Baldessari, Anish Kapoor, Gordon Matta-Clarck, Robert Motherwell, Georg Baselitz, Gabriele Basilico, Imi Knoebel, Lygia Pape, Sigmar Polke, Jean Marc Bustamante, Gerhard Richter, Ai Weiwei, James Rosenquist, Jason Rhoades, Julian Schnabel y Paul McCarthy.<\/p>\n<div id=\"attachment_960\" style=\"width: 310px\" class=\"wp-caption alignleft\"><a href=\"\/guirisporextremadura\/wp-content\/uploads\/sites\/70\/2016\/11\/Jean-Marc-Bustamante.jpg\"><img aria-describedby=\"caption-attachment-960\" loading=\"lazy\" class=\"size-medium wp-image-960\" src=\"\/guirisporextremadura\/wp-content\/uploads\/sites\/70\/2016\/11\/Jean-Marc-Bustamante.jpg\" alt=\"Jean Marc Bustamante\" width=\"300\" height=\"206\" srcset=\"https:\/\/static-blogs.hoy.es\/wp-content\/uploads\/sites\/70\/2016\/11\/Jean-Marc-Bustamante.jpg 574w, https:\/\/static-blogs.hoy.es\/wp-content\/uploads\/sites\/70\/2016\/11\/Jean-Marc-Bustamante-300x206.jpg 300w\" sizes=\"(max-width: 300px) 100vw, 300px\" \/><\/a><p id=\"caption-attachment-960\" class=\"wp-caption-text\">Jean Marc Bustamante<\/p><\/div>\n<p>&nbsp;<\/p>\n<div id=\"attachment_961\" style=\"width: 310px\" class=\"wp-caption alignright\"><a href=\"\/guirisporextremadura\/wp-content\/uploads\/sites\/70\/2016\/11\/Paul-McCarthy-Salt-Lake-City-1945.jpg\"><img aria-describedby=\"caption-attachment-961\" loading=\"lazy\" class=\"size-medium wp-image-961\" src=\"\/guirisporextremadura\/wp-content\/uploads\/sites\/70\/2016\/11\/Paul-McCarthy-Salt-Lake-City-1945.jpg\" alt=\"Paul McCarthy\" width=\"300\" height=\"224\" srcset=\"https:\/\/static-blogs.hoy.es\/wp-content\/uploads\/sites\/70\/2016\/11\/Paul-McCarthy-Salt-Lake-City-1945.jpg 550w, https:\/\/static-blogs.hoy.es\/wp-content\/uploads\/sites\/70\/2016\/11\/Paul-McCarthy-Salt-Lake-City-1945-300x225.jpg 300w\" sizes=\"(max-width: 300px) 100vw, 300px\" \/><\/a><p id=\"caption-attachment-961\" class=\"wp-caption-text\">Paul McCarthy<\/p><\/div>\n<p>&nbsp;<\/p>\n<p>&nbsp;<\/p>\n<p>&nbsp;<\/p>\n<p>&nbsp;<\/p>\n<p>&nbsp;<\/p>\n<p>&nbsp;<\/p>\n<p>&nbsp;<\/p>\n<p>&nbsp;<\/p>\n<p>Para la adquisici\u00f3n de todo este incre\u00edble acervo cultural no le ha venido nada mal a Helga la empresa familiar RKW, una de las l\u00edderes en el sector del<em> film<\/em> pl\u00e1stico para embalajes, de la que es copropietaria, y que le ha dado la solvencia econ\u00f3mica necesaria para nutrir la colecci\u00f3n.<\/p>\n<p>Es de todo punto obligatoria, la visita al Centro de Artes Visuales Fundaci\u00f3n Helga de Alvear, del que proporcionamos el enlace:<\/p>\n<p><a href=\"http:\/\/fundacionhelgadealvear.es\/\">http:\/\/fundacionhelgadealvear.es\/<\/a><\/p>\n<p>&nbsp;<\/p>\n<p>&nbsp;<\/p>\n<p>&nbsp;<\/p>\n<!-- AddThis Advanced Settings generic via filter on the_content --><!-- AddThis Share Buttons generic via filter on the_content -->","protected":false},"excerpt":{"rendered":"<p>&nbsp; &nbsp; &nbsp; &nbsp; &nbsp; Con casi ochenta a\u00f1os f\u00e9rtiles de trayectoria, familia y vida, esta guiri lleva en Espa\u00f1a desde 1957, proveniente de Alemania. Nace en 1936 en la ciudad de Kirn\/Nahe (Renania-Palatinado) en Alemania. Su estancia en Espa\u00f1a est\u00e1 fijada a su matrimonio con el arquitecto Jaime de Alvear, que seg\u00fan declaraciones sufri\u00f3 [&hellip;]<!-- AddThis Advanced Settings generic via filter on get_the_excerpt --><!-- AddThis Share Buttons generic via filter on get_the_excerpt --><\/p>\n","protected":false},"author":77,"featured_media":0,"comment_status":"open","ping_status":"closed","sticky":false,"template":"","format":"standard","meta":[],"categories":[6],"tags":[],"_links":{"self":[{"href":"https:\/\/blogs.hoy.es\/guirisporextremadura\/wp-json\/wp\/v2\/posts\/948"}],"collection":[{"href":"https:\/\/blogs.hoy.es\/guirisporextremadura\/wp-json\/wp\/v2\/posts"}],"about":[{"href":"https:\/\/blogs.hoy.es\/guirisporextremadura\/wp-json\/wp\/v2\/types\/post"}],"author":[{"embeddable":true,"href":"https:\/\/blogs.hoy.es\/guirisporextremadura\/wp-json\/wp\/v2\/users\/77"}],"replies":[{"embeddable":true,"href":"https:\/\/blogs.hoy.es\/guirisporextremadura\/wp-json\/wp\/v2\/comments?post=948"}],"version-history":[{"count":0,"href":"https:\/\/blogs.hoy.es\/guirisporextremadura\/wp-json\/wp\/v2\/posts\/948\/revisions"}],"wp:attachment":[{"href":"https:\/\/blogs.hoy.es\/guirisporextremadura\/wp-json\/wp\/v2\/media?parent=948"}],"wp:term":[{"taxonomy":"category","embeddable":true,"href":"https:\/\/blogs.hoy.es\/guirisporextremadura\/wp-json\/wp\/v2\/categories?post=948"},{"taxonomy":"post_tag","embeddable":true,"href":"https:\/\/blogs.hoy.es\/guirisporextremadura\/wp-json\/wp\/v2\/tags?post=948"}],"curies":[{"name":"wp","href":"https:\/\/api.w.org\/{rel}","templated":true}]}}