{"id":114,"date":"2006-07-07T09:54:29","date_gmt":"2006-07-07T09:54:29","guid":{"rendered":"http:\/\/blogs.hoy.es\/hazteoir\/?p=114"},"modified":"2006-07-07T09:54:29","modified_gmt":"2006-07-07T09:54:29","slug":"air-europa-suprime-vuelos-los-martes-palma","status":"publish","type":"post","link":"https:\/\/blogs.hoy.es\/hazteoir\/2006\/07\/07\/air-europa-suprime-vuelos-los-martes-palma\/","title":{"rendered":"Air Europa suprime los vuelos de los martes a Palma"},"content":{"rendered":"<p><P>Los martes ya no se podr\u00e1 viajar a Palma de Mallorca, as\u00ed lo ha decidido la compa\u00f1\u00eda Air Europa que ha tomado la medida probablemente por la falta de demanda.<\/P><P>Qu\u00e9 te parece que los vuelos a Palma se reduzcan a los jueves, crees que es necesario que en haya dos vuelos semanales o con uno es suficiente. Danos tu opini\u00f3n.<\/P><\/p>\n<!-- AddThis Advanced Settings generic via filter on the_content --><!-- AddThis Share Buttons generic via filter on the_content -->","protected":false},"excerpt":{"rendered":"<p>Los martes ya no se podr\u00e1 viajar a Palma de Mallorca, as\u00ed lo ha decidido la compa\u00f1\u00eda Air Europa que ha tomado la medida probablemente por la falta de demanda.Qu\u00e9 te parece que los vuelos a Palma se reduzcan a los jueves, crees que es necesario que en haya dos vuelos semanales o con uno [&hellip;]<!-- AddThis Advanced Settings generic via filter on get_the_excerpt --><!-- AddThis Share Buttons generic via filter on get_the_excerpt --><\/p>\n","protected":false},"author":5,"featured_media":0,"comment_status":"open","ping_status":"closed","sticky":false,"template":"","format":"standard","meta":[],"categories":[2],"tags":[],"_links":{"self":[{"href":"https:\/\/blogs.hoy.es\/hazteoir\/wp-json\/wp\/v2\/posts\/114"}],"collection":[{"href":"https:\/\/blogs.hoy.es\/hazteoir\/wp-json\/wp\/v2\/posts"}],"about":[{"href":"https:\/\/blogs.hoy.es\/hazteoir\/wp-json\/wp\/v2\/types\/post"}],"author":[{"embeddable":true,"href":"https:\/\/blogs.hoy.es\/hazteoir\/wp-json\/wp\/v2\/users\/5"}],"replies":[{"embeddable":true,"href":"https:\/\/blogs.hoy.es\/hazteoir\/wp-json\/wp\/v2\/comments?post=114"}],"version-history":[{"count":0,"href":"https:\/\/blogs.hoy.es\/hazteoir\/wp-json\/wp\/v2\/posts\/114\/revisions"}],"wp:attachment":[{"href":"https:\/\/blogs.hoy.es\/hazteoir\/wp-json\/wp\/v2\/media?parent=114"}],"wp:term":[{"taxonomy":"category","embeddable":true,"href":"https:\/\/blogs.hoy.es\/hazteoir\/wp-json\/wp\/v2\/categories?post=114"},{"taxonomy":"post_tag","embeddable":true,"href":"https:\/\/blogs.hoy.es\/hazteoir\/wp-json\/wp\/v2\/tags?post=114"}],"curies":[{"name":"wp","href":"https:\/\/api.w.org\/{rel}","templated":true}]}}