{"id":161,"date":"2006-10-02T10:13:15","date_gmt":"2006-10-02T10:13:15","guid":{"rendered":"http:\/\/blogs.hoy.es\/hazteoir\/?p=161"},"modified":"2006-10-02T10:13:15","modified_gmt":"2006-10-02T10:13:15","slug":"como-esta-agua-caceres","status":"publish","type":"post","link":"https:\/\/blogs.hoy.es\/hazteoir\/2006\/10\/02\/como-esta-agua-caceres\/","title":{"rendered":"\u00bfC\u00f3mo est\u00e1 el agua de C\u00e1ceres?"},"content":{"rendered":"<p><P>El Ayuntamiento&nbsp; de C\u00e1ceres estudia cambiar el tratamiento del agua para garantizar su potabilidad. <\/P><P>Si vives en c\u00e1ceres, danos tu opini\u00f3n sobre el agua, \u00bfbebes del grifo? \u00bfprefieres comprar agua embotellada? dinos qu\u00e9 te parece el agua que consumes en tu ciudad.<\/P><P><A href=\"http:\/\/www.hoy.es\/prensa\/20061002\/caceres\/ayuntamiento-estudia-cambiar-tratamiento_20061002.html\">Lea la noticia completa<\/A><\/P><\/p>\n<!-- AddThis Advanced Settings generic via filter on the_content --><!-- AddThis Share Buttons generic via filter on the_content -->","protected":false},"excerpt":{"rendered":"<p>El Ayuntamiento&nbsp; de C\u00e1ceres estudia cambiar el tratamiento del agua para garantizar su potabilidad. Si vives en c\u00e1ceres, danos tu opini\u00f3n sobre el agua, \u00bfbebes del grifo? \u00bfprefieres comprar agua embotellada? dinos qu\u00e9 te parece el agua que consumes en tu ciudad.Lea la noticia completa<!-- AddThis Advanced Settings generic via filter on get_the_excerpt --><!-- AddThis Share Buttons generic via filter on get_the_excerpt --><\/p>\n","protected":false},"author":5,"featured_media":0,"comment_status":"open","ping_status":"closed","sticky":false,"template":"","format":"standard","meta":[],"categories":[2],"tags":[],"_links":{"self":[{"href":"https:\/\/blogs.hoy.es\/hazteoir\/wp-json\/wp\/v2\/posts\/161"}],"collection":[{"href":"https:\/\/blogs.hoy.es\/hazteoir\/wp-json\/wp\/v2\/posts"}],"about":[{"href":"https:\/\/blogs.hoy.es\/hazteoir\/wp-json\/wp\/v2\/types\/post"}],"author":[{"embeddable":true,"href":"https:\/\/blogs.hoy.es\/hazteoir\/wp-json\/wp\/v2\/users\/5"}],"replies":[{"embeddable":true,"href":"https:\/\/blogs.hoy.es\/hazteoir\/wp-json\/wp\/v2\/comments?post=161"}],"version-history":[{"count":0,"href":"https:\/\/blogs.hoy.es\/hazteoir\/wp-json\/wp\/v2\/posts\/161\/revisions"}],"wp:attachment":[{"href":"https:\/\/blogs.hoy.es\/hazteoir\/wp-json\/wp\/v2\/media?parent=161"}],"wp:term":[{"taxonomy":"category","embeddable":true,"href":"https:\/\/blogs.hoy.es\/hazteoir\/wp-json\/wp\/v2\/categories?post=161"},{"taxonomy":"post_tag","embeddable":true,"href":"https:\/\/blogs.hoy.es\/hazteoir\/wp-json\/wp\/v2\/tags?post=161"}],"curies":[{"name":"wp","href":"https:\/\/api.w.org\/{rel}","templated":true}]}}