{"id":167,"date":"2006-10-17T10:27:19","date_gmt":"2006-10-17T10:27:19","guid":{"rendered":"http:\/\/blogs.hoy.es\/hazteoir\/?p=167"},"modified":"2006-10-17T10:27:19","modified_gmt":"2006-10-17T10:27:19","slug":"el-expotren-despide-su-viaje-caceres","status":"publish","type":"post","link":"https:\/\/blogs.hoy.es\/hazteoir\/2006\/10\/17\/el-expotren-despide-su-viaje-caceres\/","title":{"rendered":"El Expotren despide su viaje en C\u00e1ceres"},"content":{"rendered":"<p><P>La exposici\u00f3n itinerante Expotren ha llegado a C\u00e1ceres, donde pone fin a un viaje que comenz\u00f3 el pasado 15 de septiembre en Salamanca y ha llevado a todos los rincones de Espa\u00f1a una imagen de Extremadura lejos de los t\u00f3picos.<\/P><P>\u00bfHas visitado la exposici\u00f3n? \u00bfte gusta la idea de Extremadura que en ella se muestra? danos yu opini\u00f3n<\/P><P><A href=\"http:\/\/www.hoy.es\/prensa\/20061017\/caceres\/expotren-despide-viaje-caceres_20061017.html\">Lea la noticia completa<\/A><\/P><\/p>\n<!-- AddThis Advanced Settings generic via filter on the_content --><!-- AddThis Share Buttons generic via filter on the_content -->","protected":false},"excerpt":{"rendered":"<p>La exposici\u00f3n itinerante Expotren ha llegado a C\u00e1ceres, donde pone fin a un viaje que comenz\u00f3 el pasado 15 de septiembre en Salamanca y ha llevado a todos los rincones de Espa\u00f1a una imagen de Extremadura lejos de los t\u00f3picos.\u00bfHas visitado la exposici\u00f3n? \u00bfte gusta la idea de Extremadura que en ella se muestra? danos [&hellip;]<!-- AddThis Advanced Settings generic via filter on get_the_excerpt --><!-- AddThis Share Buttons generic via filter on get_the_excerpt --><\/p>\n","protected":false},"author":5,"featured_media":0,"comment_status":"open","ping_status":"closed","sticky":false,"template":"","format":"standard","meta":[],"categories":[2],"tags":[],"_links":{"self":[{"href":"https:\/\/blogs.hoy.es\/hazteoir\/wp-json\/wp\/v2\/posts\/167"}],"collection":[{"href":"https:\/\/blogs.hoy.es\/hazteoir\/wp-json\/wp\/v2\/posts"}],"about":[{"href":"https:\/\/blogs.hoy.es\/hazteoir\/wp-json\/wp\/v2\/types\/post"}],"author":[{"embeddable":true,"href":"https:\/\/blogs.hoy.es\/hazteoir\/wp-json\/wp\/v2\/users\/5"}],"replies":[{"embeddable":true,"href":"https:\/\/blogs.hoy.es\/hazteoir\/wp-json\/wp\/v2\/comments?post=167"}],"version-history":[{"count":0,"href":"https:\/\/blogs.hoy.es\/hazteoir\/wp-json\/wp\/v2\/posts\/167\/revisions"}],"wp:attachment":[{"href":"https:\/\/blogs.hoy.es\/hazteoir\/wp-json\/wp\/v2\/media?parent=167"}],"wp:term":[{"taxonomy":"category","embeddable":true,"href":"https:\/\/blogs.hoy.es\/hazteoir\/wp-json\/wp\/v2\/categories?post=167"},{"taxonomy":"post_tag","embeddable":true,"href":"https:\/\/blogs.hoy.es\/hazteoir\/wp-json\/wp\/v2\/tags?post=167"}],"curies":[{"name":"wp","href":"https:\/\/api.w.org\/{rel}","templated":true}]}}