{"id":168,"date":"2006-10-17T17:56:59","date_gmt":"2006-10-17T17:56:59","guid":{"rendered":"http:\/\/blogs.hoy.es\/hazteoir\/?p=168"},"modified":"2006-10-17T17:56:59","modified_gmt":"2006-10-17T17:56:59","slug":"el-37-la-poblacion-extremena-es-pobre","status":"publish","type":"post","link":"https:\/\/blogs.hoy.es\/hazteoir\/2006\/10\/17\/el-37-la-poblacion-extremena-es-pobre\/","title":{"rendered":"El 37% de la poblaci\u00f3n extreme\u00f1a es pobre"},"content":{"rendered":"<p><DIV class=headline-SA><DIV class=ln-SA id=story-titulo>El 37 por ciento de la poblaci\u00f3n de Extremadura vive en situaci\u00f3n de pobreza al disponer de menos de 500 euros al mes, seg\u00fan datos dados hoy a conocer por la Red Andaluza de Lucha contra la Pobreza (EAPN-A)<\/DIV><DIV class=ln-SA>&nbsp;<\/DIV><DIV class=ln-SA><A href=\"http:\/\/www.hoy.es\/20061017\/sociedad\/poblacion-extremena-pobre_200610171740.html\">Lea la noticia completa<\/A><\/DIV><\/DIV><\/p>\n<!-- AddThis Advanced Settings generic via filter on the_content --><!-- AddThis Share Buttons generic via filter on the_content -->","protected":false},"excerpt":{"rendered":"<p>El 37 por ciento de la poblaci\u00f3n de Extremadura vive en situaci\u00f3n de pobreza al disponer de menos de 500 euros al mes, seg\u00fan datos dados hoy a conocer por la Red Andaluza de Lucha contra la Pobreza (EAPN-A)&nbsp;Lea la noticia completa<!-- AddThis Advanced Settings generic via filter on get_the_excerpt --><!-- AddThis Share Buttons generic via filter on get_the_excerpt --><\/p>\n","protected":false},"author":5,"featured_media":0,"comment_status":"open","ping_status":"closed","sticky":false,"template":"","format":"standard","meta":[],"categories":[2],"tags":[],"_links":{"self":[{"href":"https:\/\/blogs.hoy.es\/hazteoir\/wp-json\/wp\/v2\/posts\/168"}],"collection":[{"href":"https:\/\/blogs.hoy.es\/hazteoir\/wp-json\/wp\/v2\/posts"}],"about":[{"href":"https:\/\/blogs.hoy.es\/hazteoir\/wp-json\/wp\/v2\/types\/post"}],"author":[{"embeddable":true,"href":"https:\/\/blogs.hoy.es\/hazteoir\/wp-json\/wp\/v2\/users\/5"}],"replies":[{"embeddable":true,"href":"https:\/\/blogs.hoy.es\/hazteoir\/wp-json\/wp\/v2\/comments?post=168"}],"version-history":[{"count":0,"href":"https:\/\/blogs.hoy.es\/hazteoir\/wp-json\/wp\/v2\/posts\/168\/revisions"}],"wp:attachment":[{"href":"https:\/\/blogs.hoy.es\/hazteoir\/wp-json\/wp\/v2\/media?parent=168"}],"wp:term":[{"taxonomy":"category","embeddable":true,"href":"https:\/\/blogs.hoy.es\/hazteoir\/wp-json\/wp\/v2\/categories?post=168"},{"taxonomy":"post_tag","embeddable":true,"href":"https:\/\/blogs.hoy.es\/hazteoir\/wp-json\/wp\/v2\/tags?post=168"}],"curies":[{"name":"wp","href":"https:\/\/api.w.org\/{rel}","templated":true}]}}