{"id":169,"date":"2006-10-19T09:17:15","date_gmt":"2006-10-19T09:17:15","guid":{"rendered":"http:\/\/blogs.hoy.es\/hazteoir\/?p=169"},"modified":"2006-10-19T09:17:15","modified_gmt":"2006-10-19T09:17:15","slug":"los-conductores-los-autobuses-urbanos-iniciaran-huelga-el","status":"publish","type":"post","link":"https:\/\/blogs.hoy.es\/hazteoir\/2006\/10\/19\/los-conductores-los-autobuses-urbanos-iniciaran-huelga-el\/","title":{"rendered":"Los conductores de los autobuses urbanos iniciar\u00e1n una huelga el pr\u00f3ximo d\u00eda 31"},"content":{"rendered":"<p><P>Exigen una subida salarial de un punto por encima del IPC y una reducci\u00f3n de \u00ablas horas extraordinarias de la jornada laboral\u00bb. El paro se repetir\u00e1 los d\u00edas 2, 6, 7, 14, 20, 21 y 28 de noviembre.<\/P><P><A href=\"http:\/\/www.hoy.es\/prensa\/20061019\/badajoz\/conductores-autobuses-urbanos-iniciaran_20061019.html\">Lea la noticia completa<\/A><\/P><\/p>\n<!-- AddThis Advanced Settings generic via filter on the_content --><!-- AddThis Share Buttons generic via filter on the_content -->","protected":false},"excerpt":{"rendered":"<p>Exigen una subida salarial de un punto por encima del IPC y una reducci\u00f3n de \u00ablas horas extraordinarias de la jornada laboral\u00bb. El paro se repetir\u00e1 los d\u00edas 2, 6, 7, 14, 20, 21 y 28 de noviembre.Lea la noticia completa<!-- AddThis Advanced Settings generic via filter on get_the_excerpt --><!-- AddThis Share Buttons generic via filter on get_the_excerpt --><\/p>\n","protected":false},"author":5,"featured_media":0,"comment_status":"open","ping_status":"closed","sticky":false,"template":"","format":"standard","meta":[],"categories":[2],"tags":[],"_links":{"self":[{"href":"https:\/\/blogs.hoy.es\/hazteoir\/wp-json\/wp\/v2\/posts\/169"}],"collection":[{"href":"https:\/\/blogs.hoy.es\/hazteoir\/wp-json\/wp\/v2\/posts"}],"about":[{"href":"https:\/\/blogs.hoy.es\/hazteoir\/wp-json\/wp\/v2\/types\/post"}],"author":[{"embeddable":true,"href":"https:\/\/blogs.hoy.es\/hazteoir\/wp-json\/wp\/v2\/users\/5"}],"replies":[{"embeddable":true,"href":"https:\/\/blogs.hoy.es\/hazteoir\/wp-json\/wp\/v2\/comments?post=169"}],"version-history":[{"count":0,"href":"https:\/\/blogs.hoy.es\/hazteoir\/wp-json\/wp\/v2\/posts\/169\/revisions"}],"wp:attachment":[{"href":"https:\/\/blogs.hoy.es\/hazteoir\/wp-json\/wp\/v2\/media?parent=169"}],"wp:term":[{"taxonomy":"category","embeddable":true,"href":"https:\/\/blogs.hoy.es\/hazteoir\/wp-json\/wp\/v2\/categories?post=169"},{"taxonomy":"post_tag","embeddable":true,"href":"https:\/\/blogs.hoy.es\/hazteoir\/wp-json\/wp\/v2\/tags?post=169"}],"curies":[{"name":"wp","href":"https:\/\/api.w.org\/{rel}","templated":true}]}}