{"id":173,"date":"2006-10-24T10:11:36","date_gmt":"2006-10-24T10:11:36","guid":{"rendered":"http:\/\/blogs.hoy.es\/hazteoir\/?p=173"},"modified":"2006-10-24T10:11:36","modified_gmt":"2006-10-24T10:11:36","slug":"la-asociacion-vecinos-valdepasillas-reclama-el-puente","status":"publish","type":"post","link":"https:\/\/blogs.hoy.es\/hazteoir\/2006\/10\/24\/la-asociacion-vecinos-valdepasillas-reclama-el-puente\/","title":{"rendered":"La asociaci\u00f3n de vecinos de Valdepasillas reclama que el Puente Real sea reparado"},"content":{"rendered":"<p><P>La Asociaci\u00f3n de Vecinos de Valdepasillas va a proponer a la Agrupaci\u00f3n Vecinal de Badajoz&nbsp;la organizaci\u00f3n de una mesa redonda en la que se debatir\u00e1 el grave problema de mantenimiento que sufre desde hace meses el Puente Real de Badajoz.<BR><\/P><P><A href=\"http:\/\/www.hoy.es\/prensa\/20061024\/badajoz\/asociacion-vecinos-valdepasillas-reclama_20061024.html\">Lea la noticia completa<\/A><\/P><\/p>\n<!-- AddThis Advanced Settings generic via filter on the_content --><!-- AddThis Share Buttons generic via filter on the_content -->","protected":false},"excerpt":{"rendered":"<p>La Asociaci\u00f3n de Vecinos de Valdepasillas va a proponer a la Agrupaci\u00f3n Vecinal de Badajoz&nbsp;la organizaci\u00f3n de una mesa redonda en la que se debatir\u00e1 el grave problema de mantenimiento que sufre desde hace meses el Puente Real de Badajoz.Lea la noticia completa<!-- AddThis Advanced Settings generic via filter on get_the_excerpt --><!-- AddThis Share Buttons generic via filter on get_the_excerpt --><\/p>\n","protected":false},"author":5,"featured_media":0,"comment_status":"open","ping_status":"closed","sticky":false,"template":"","format":"standard","meta":[],"categories":[2],"tags":[],"_links":{"self":[{"href":"https:\/\/blogs.hoy.es\/hazteoir\/wp-json\/wp\/v2\/posts\/173"}],"collection":[{"href":"https:\/\/blogs.hoy.es\/hazteoir\/wp-json\/wp\/v2\/posts"}],"about":[{"href":"https:\/\/blogs.hoy.es\/hazteoir\/wp-json\/wp\/v2\/types\/post"}],"author":[{"embeddable":true,"href":"https:\/\/blogs.hoy.es\/hazteoir\/wp-json\/wp\/v2\/users\/5"}],"replies":[{"embeddable":true,"href":"https:\/\/blogs.hoy.es\/hazteoir\/wp-json\/wp\/v2\/comments?post=173"}],"version-history":[{"count":0,"href":"https:\/\/blogs.hoy.es\/hazteoir\/wp-json\/wp\/v2\/posts\/173\/revisions"}],"wp:attachment":[{"href":"https:\/\/blogs.hoy.es\/hazteoir\/wp-json\/wp\/v2\/media?parent=173"}],"wp:term":[{"taxonomy":"category","embeddable":true,"href":"https:\/\/blogs.hoy.es\/hazteoir\/wp-json\/wp\/v2\/categories?post=173"},{"taxonomy":"post_tag","embeddable":true,"href":"https:\/\/blogs.hoy.es\/hazteoir\/wp-json\/wp\/v2\/tags?post=173"}],"curies":[{"name":"wp","href":"https:\/\/api.w.org\/{rel}","templated":true}]}}