{"id":174,"date":"2006-10-25T08:56:05","date_gmt":"2006-10-25T08:56:05","guid":{"rendered":"http:\/\/blogs.hoy.es\/hazteoir\/?p=174"},"modified":"2006-10-25T08:56:05","modified_gmt":"2006-10-25T08:56:05","slug":"greenpeace-denuncia-vertidos-incontrolados-del-guadiana","status":"publish","type":"post","link":"https:\/\/blogs.hoy.es\/hazteoir\/2006\/10\/25\/greenpeace-denuncia-vertidos-incontrolados-del-guadiana\/","title":{"rendered":"Greenpeace denuncia los vertidos incontrolados del Guadiana"},"content":{"rendered":"<p><P>Comprobaron que el Rivillas llega al Guadiana con aguas fecales y que la actividad de las graveras no se ajusta a lo que marca la ley.<\/P><P><A href=\"http:\/\/www.hoy.es\/prensa\/20061025\/badajoz\/greenpeace-denuncia-vertidos-incontrolados_20061025.html\">Lea la noticia completa<\/A><\/P><P>26\/10\/2006<\/P><P><A href=\"http:\/\/www.hoy.es\/prensa\/20061027\/regional\/confederacion-guadiana-afirma-analisis_20061027.html\">La Confederaci\u00f3n del Guadiana afirma que los an\u00e1lisis muestran que el agua del r\u00edo es \u00abapta\u00bb<\/A><\/P><\/p>\n<!-- AddThis Advanced Settings generic via filter on the_content --><!-- AddThis Share Buttons generic via filter on the_content -->","protected":false},"excerpt":{"rendered":"<p>Comprobaron que el Rivillas llega al Guadiana con aguas fecales y que la actividad de las graveras no se ajusta a lo que marca la ley.Lea la noticia completa26\/10\/2006La Confederaci\u00f3n del Guadiana afirma que los an\u00e1lisis muestran que el agua del r\u00edo es \u00abapta\u00bb<!-- AddThis Advanced Settings generic via filter on get_the_excerpt --><!-- AddThis Share Buttons generic via filter on get_the_excerpt --><\/p>\n","protected":false},"author":5,"featured_media":0,"comment_status":"open","ping_status":"closed","sticky":false,"template":"","format":"standard","meta":[],"categories":[2],"tags":[],"_links":{"self":[{"href":"https:\/\/blogs.hoy.es\/hazteoir\/wp-json\/wp\/v2\/posts\/174"}],"collection":[{"href":"https:\/\/blogs.hoy.es\/hazteoir\/wp-json\/wp\/v2\/posts"}],"about":[{"href":"https:\/\/blogs.hoy.es\/hazteoir\/wp-json\/wp\/v2\/types\/post"}],"author":[{"embeddable":true,"href":"https:\/\/blogs.hoy.es\/hazteoir\/wp-json\/wp\/v2\/users\/5"}],"replies":[{"embeddable":true,"href":"https:\/\/blogs.hoy.es\/hazteoir\/wp-json\/wp\/v2\/comments?post=174"}],"version-history":[{"count":0,"href":"https:\/\/blogs.hoy.es\/hazteoir\/wp-json\/wp\/v2\/posts\/174\/revisions"}],"wp:attachment":[{"href":"https:\/\/blogs.hoy.es\/hazteoir\/wp-json\/wp\/v2\/media?parent=174"}],"wp:term":[{"taxonomy":"category","embeddable":true,"href":"https:\/\/blogs.hoy.es\/hazteoir\/wp-json\/wp\/v2\/categories?post=174"},{"taxonomy":"post_tag","embeddable":true,"href":"https:\/\/blogs.hoy.es\/hazteoir\/wp-json\/wp\/v2\/tags?post=174"}],"curies":[{"name":"wp","href":"https:\/\/api.w.org\/{rel}","templated":true}]}}