{"id":175,"date":"2006-10-25T09:27:13","date_gmt":"2006-10-25T09:27:13","guid":{"rendered":"http:\/\/blogs.hoy.es\/hazteoir\/?p=175"},"modified":"2006-10-25T09:27:13","modified_gmt":"2006-10-25T09:27:13","slug":"los-alumnos-podran-hacer-huelga-legal-partir-tercero-de","status":"publish","type":"post","link":"https:\/\/blogs.hoy.es\/hazteoir\/2006\/10\/25\/los-alumnos-podran-hacer-huelga-legal-partir-tercero-de\/","title":{"rendered":"Los alumnos podr\u00e1n hacer huelga legal a partir de tercero de Secundaria"},"content":{"rendered":"<p><P>Necesitan el aval inicial del 20% de estudiantes y que la convocatoria sea aprobada en refer\u00e9ndum Es una propuesta de la Consejer\u00eda de Educaci\u00f3n y la LOE que est\u00e1 debatiendo el Consejo Escolar Regional<\/P><P><A href=\"http:\/\/www.hoy.es\/prensa\/20061025\/regional\/alumnos-podran-hacer-huelga_20061025.html\">Lea la noticia completa<\/A><\/P><\/p>\n<!-- AddThis Advanced Settings generic via filter on the_content --><!-- AddThis Share Buttons generic via filter on the_content -->","protected":false},"excerpt":{"rendered":"<p>Necesitan el aval inicial del 20% de estudiantes y que la convocatoria sea aprobada en refer\u00e9ndum Es una propuesta de la Consejer\u00eda de Educaci\u00f3n y la LOE que est\u00e1 debatiendo el Consejo Escolar RegionalLea la noticia completa<!-- AddThis Advanced Settings generic via filter on get_the_excerpt --><!-- AddThis Share Buttons generic via filter on get_the_excerpt --><\/p>\n","protected":false},"author":5,"featured_media":0,"comment_status":"open","ping_status":"closed","sticky":false,"template":"","format":"standard","meta":[],"categories":[2],"tags":[],"_links":{"self":[{"href":"https:\/\/blogs.hoy.es\/hazteoir\/wp-json\/wp\/v2\/posts\/175"}],"collection":[{"href":"https:\/\/blogs.hoy.es\/hazteoir\/wp-json\/wp\/v2\/posts"}],"about":[{"href":"https:\/\/blogs.hoy.es\/hazteoir\/wp-json\/wp\/v2\/types\/post"}],"author":[{"embeddable":true,"href":"https:\/\/blogs.hoy.es\/hazteoir\/wp-json\/wp\/v2\/users\/5"}],"replies":[{"embeddable":true,"href":"https:\/\/blogs.hoy.es\/hazteoir\/wp-json\/wp\/v2\/comments?post=175"}],"version-history":[{"count":0,"href":"https:\/\/blogs.hoy.es\/hazteoir\/wp-json\/wp\/v2\/posts\/175\/revisions"}],"wp:attachment":[{"href":"https:\/\/blogs.hoy.es\/hazteoir\/wp-json\/wp\/v2\/media?parent=175"}],"wp:term":[{"taxonomy":"category","embeddable":true,"href":"https:\/\/blogs.hoy.es\/hazteoir\/wp-json\/wp\/v2\/categories?post=175"},{"taxonomy":"post_tag","embeddable":true,"href":"https:\/\/blogs.hoy.es\/hazteoir\/wp-json\/wp\/v2\/tags?post=175"}],"curies":[{"name":"wp","href":"https:\/\/api.w.org\/{rel}","templated":true}]}}