{"id":179,"date":"2006-10-30T14:17:25","date_gmt":"2006-10-30T14:17:25","guid":{"rendered":"http:\/\/blogs.hoy.es\/hazteoir\/?p=179"},"modified":"2006-10-30T14:17:25","modified_gmt":"2006-10-30T14:17:25","slug":"acedo-se-presenta-la-reeleccion-merida","status":"publish","type":"post","link":"https:\/\/blogs.hoy.es\/hazteoir\/2006\/10\/30\/acedo-se-presenta-la-reeleccion-merida\/","title":{"rendered":"Acedo no se presenta a la reelecci\u00f3n en M\u00e9rida"},"content":{"rendered":"<p><P>El alcalde de M\u00e9rida, Pedro Acedo, ha comunicado oficialmente que no se presentar\u00e1 a la reelecci\u00f3n a la Alcald\u00eda de la capial extreme\u00f1a<\/P><P><A href=\"http:\/\/www.hoy.es\/20061030\/regional\/pedro-acedo-sera-candidato_200610301347.html\">Lea la noticia completa<\/A><\/P><\/p>\n<!-- AddThis Advanced Settings generic via filter on the_content --><!-- AddThis Share Buttons generic via filter on the_content -->","protected":false},"excerpt":{"rendered":"<p>El alcalde de M\u00e9rida, Pedro Acedo, ha comunicado oficialmente que no se presentar\u00e1 a la reelecci\u00f3n a la Alcald\u00eda de la capial extreme\u00f1aLea la noticia completa<!-- AddThis Advanced Settings generic via filter on get_the_excerpt --><!-- AddThis Share Buttons generic via filter on get_the_excerpt --><\/p>\n","protected":false},"author":5,"featured_media":0,"comment_status":"open","ping_status":"closed","sticky":false,"template":"","format":"standard","meta":[],"categories":[2],"tags":[],"_links":{"self":[{"href":"https:\/\/blogs.hoy.es\/hazteoir\/wp-json\/wp\/v2\/posts\/179"}],"collection":[{"href":"https:\/\/blogs.hoy.es\/hazteoir\/wp-json\/wp\/v2\/posts"}],"about":[{"href":"https:\/\/blogs.hoy.es\/hazteoir\/wp-json\/wp\/v2\/types\/post"}],"author":[{"embeddable":true,"href":"https:\/\/blogs.hoy.es\/hazteoir\/wp-json\/wp\/v2\/users\/5"}],"replies":[{"embeddable":true,"href":"https:\/\/blogs.hoy.es\/hazteoir\/wp-json\/wp\/v2\/comments?post=179"}],"version-history":[{"count":0,"href":"https:\/\/blogs.hoy.es\/hazteoir\/wp-json\/wp\/v2\/posts\/179\/revisions"}],"wp:attachment":[{"href":"https:\/\/blogs.hoy.es\/hazteoir\/wp-json\/wp\/v2\/media?parent=179"}],"wp:term":[{"taxonomy":"category","embeddable":true,"href":"https:\/\/blogs.hoy.es\/hazteoir\/wp-json\/wp\/v2\/categories?post=179"},{"taxonomy":"post_tag","embeddable":true,"href":"https:\/\/blogs.hoy.es\/hazteoir\/wp-json\/wp\/v2\/tags?post=179"}],"curies":[{"name":"wp","href":"https:\/\/api.w.org\/{rel}","templated":true}]}}