{"id":180,"date":"2006-10-31T09:13:58","date_gmt":"2006-10-31T09:13:58","guid":{"rendered":"http:\/\/blogs.hoy.es\/hazteoir\/?p=180"},"modified":"2006-10-31T09:13:58","modified_gmt":"2006-10-31T09:13:58","slug":"antes-fin-ano-vendran-otra-docena-medicos-polacos","status":"publish","type":"post","link":"https:\/\/blogs.hoy.es\/hazteoir\/2006\/10\/31\/antes-fin-ano-vendran-otra-docena-medicos-polacos\/","title":{"rendered":"\u00abAntes de fin de a\u00f1o vendr\u00e1n otra docena de m\u00e9dicos polacos\u00bb"},"content":{"rendered":"<p><DIV class=ln-SA id=story-subtitulo>El SES destaca la aportaci\u00f3n de estos profesionales a la sanidad extreme\u00f1a, que, como casi todas las autonom\u00edas, se ve afectada por la falta de especialistas.<\/DIV><DIV class=ln-SA>&nbsp;<\/DIV><DIV class=ln-SA><A href=\"http:\/\/www.hoy.es\/prensa\/20061031\/sociedad\/antes-vendran-otra-docena_20061031.html\">Lea la noticia completa<\/A><\/DIV><\/p>\n<!-- AddThis Advanced Settings generic via filter on the_content --><!-- AddThis Share Buttons generic via filter on the_content -->","protected":false},"excerpt":{"rendered":"<p>El SES destaca la aportaci\u00f3n de estos profesionales a la sanidad extreme\u00f1a, que, como casi todas las autonom\u00edas, se ve afectada por la falta de especialistas.&nbsp;Lea la noticia completa<!-- AddThis Advanced Settings generic via filter on get_the_excerpt --><!-- AddThis Share Buttons generic via filter on get_the_excerpt --><\/p>\n","protected":false},"author":5,"featured_media":0,"comment_status":"open","ping_status":"closed","sticky":false,"template":"","format":"standard","meta":[],"categories":[2],"tags":[],"_links":{"self":[{"href":"https:\/\/blogs.hoy.es\/hazteoir\/wp-json\/wp\/v2\/posts\/180"}],"collection":[{"href":"https:\/\/blogs.hoy.es\/hazteoir\/wp-json\/wp\/v2\/posts"}],"about":[{"href":"https:\/\/blogs.hoy.es\/hazteoir\/wp-json\/wp\/v2\/types\/post"}],"author":[{"embeddable":true,"href":"https:\/\/blogs.hoy.es\/hazteoir\/wp-json\/wp\/v2\/users\/5"}],"replies":[{"embeddable":true,"href":"https:\/\/blogs.hoy.es\/hazteoir\/wp-json\/wp\/v2\/comments?post=180"}],"version-history":[{"count":0,"href":"https:\/\/blogs.hoy.es\/hazteoir\/wp-json\/wp\/v2\/posts\/180\/revisions"}],"wp:attachment":[{"href":"https:\/\/blogs.hoy.es\/hazteoir\/wp-json\/wp\/v2\/media?parent=180"}],"wp:term":[{"taxonomy":"category","embeddable":true,"href":"https:\/\/blogs.hoy.es\/hazteoir\/wp-json\/wp\/v2\/categories?post=180"},{"taxonomy":"post_tag","embeddable":true,"href":"https:\/\/blogs.hoy.es\/hazteoir\/wp-json\/wp\/v2\/tags?post=180"}],"curies":[{"name":"wp","href":"https:\/\/api.w.org\/{rel}","templated":true}]}}