{"id":181,"date":"2006-10-31T09:45:33","date_gmt":"2006-10-31T09:45:33","guid":{"rendered":"http:\/\/blogs.hoy.es\/hazteoir\/?p=181"},"modified":"2006-10-31T09:45:33","modified_gmt":"2006-10-31T09:45:33","slug":"se-aprueba-plasencia-subida-las-tasas-servicios-y","status":"publish","type":"post","link":"https:\/\/blogs.hoy.es\/hazteoir\/2006\/10\/31\/se-aprueba-plasencia-subida-las-tasas-servicios-y\/","title":{"rendered":"Se aprueba en Plasencia una subida de las tasas por servicios y del impuesto de veh\u00edculos"},"content":{"rendered":"<p><P>El pleno aprob\u00f3, con los votos del tripartito m\u00e1s el de Victoria Dom\u00ednguez, subir en un 2,9%, correspondiente al IPC de 2005, la mayor parte de las tasas por servicios municipales y el impuesto sobre veh\u00edculos de tracci\u00f3n mec\u00e1nica.<\/P><P><A href=\"http:\/\/www.hoy.es\/prensa\/20061031\/plasencia\/psoe-sube-tasas-servicios_20061031.html\">Lea la noticia completa<\/A><\/P><\/p>\n<!-- AddThis Advanced Settings generic via filter on the_content --><!-- AddThis Share Buttons generic via filter on the_content -->","protected":false},"excerpt":{"rendered":"<p>El pleno aprob\u00f3, con los votos del tripartito m\u00e1s el de Victoria Dom\u00ednguez, subir en un 2,9%, correspondiente al IPC de 2005, la mayor parte de las tasas por servicios municipales y el impuesto sobre veh\u00edculos de tracci\u00f3n mec\u00e1nica.Lea la noticia completa<!-- AddThis Advanced Settings generic via filter on get_the_excerpt --><!-- AddThis Share Buttons generic via filter on get_the_excerpt --><\/p>\n","protected":false},"author":5,"featured_media":0,"comment_status":"open","ping_status":"closed","sticky":false,"template":"","format":"standard","meta":[],"categories":[2],"tags":[],"_links":{"self":[{"href":"https:\/\/blogs.hoy.es\/hazteoir\/wp-json\/wp\/v2\/posts\/181"}],"collection":[{"href":"https:\/\/blogs.hoy.es\/hazteoir\/wp-json\/wp\/v2\/posts"}],"about":[{"href":"https:\/\/blogs.hoy.es\/hazteoir\/wp-json\/wp\/v2\/types\/post"}],"author":[{"embeddable":true,"href":"https:\/\/blogs.hoy.es\/hazteoir\/wp-json\/wp\/v2\/users\/5"}],"replies":[{"embeddable":true,"href":"https:\/\/blogs.hoy.es\/hazteoir\/wp-json\/wp\/v2\/comments?post=181"}],"version-history":[{"count":0,"href":"https:\/\/blogs.hoy.es\/hazteoir\/wp-json\/wp\/v2\/posts\/181\/revisions"}],"wp:attachment":[{"href":"https:\/\/blogs.hoy.es\/hazteoir\/wp-json\/wp\/v2\/media?parent=181"}],"wp:term":[{"taxonomy":"category","embeddable":true,"href":"https:\/\/blogs.hoy.es\/hazteoir\/wp-json\/wp\/v2\/categories?post=181"},{"taxonomy":"post_tag","embeddable":true,"href":"https:\/\/blogs.hoy.es\/hazteoir\/wp-json\/wp\/v2\/tags?post=181"}],"curies":[{"name":"wp","href":"https:\/\/api.w.org\/{rel}","templated":true}]}}