{"id":182,"date":"2006-11-02T11:05:17","date_gmt":"2006-11-02T11:05:17","guid":{"rendered":"http:\/\/blogs.hoy.es\/hazteoir\/?p=182"},"modified":"2006-11-02T11:05:17","modified_gmt":"2006-11-02T11:05:17","slug":"roban-cables-las-farolas-el-paseo-fluvial-la-margen","status":"publish","type":"post","link":"https:\/\/blogs.hoy.es\/hazteoir\/2006\/11\/02\/roban-cables-las-farolas-el-paseo-fluvial-la-margen\/","title":{"rendered":"Roban los cables de las farolas en el paseo fluvial de la margen derecha"},"content":{"rendered":"<p><P>Tiene 2.700 metros de longitud y, probablemente, brinde los paseos m\u00e1s hermosos de la ciudad. Se trata de un vial que sale del Puente Real y llega hasta el azud haciendo una curva. Pero pocas personas lo visitan y menos al atardecer pues no funciona ninguna de las 73 farolas que fueron instaladas por la Confederaci\u00f3n Hidrogr\u00e1fica del Guadiana, titular de este tramo fluvial situado en la margen derecha y que fue inaugurado hace ya una d\u00e9cada.<BR><\/P><P><A href=\"http:\/\/www.hoy.es\/prensa\/20061102\/badajoz\/roban-cables-farolas-paseo_20061102.html\">Lea la noticia completa<\/A><\/P><\/p>\n<!-- AddThis Advanced Settings generic via filter on the_content --><!-- AddThis Share Buttons generic via filter on the_content -->","protected":false},"excerpt":{"rendered":"<p>Tiene 2.700 metros de longitud y, probablemente, brinde los paseos m\u00e1s hermosos de la ciudad. Se trata de un vial que sale del Puente Real y llega hasta el azud haciendo una curva. Pero pocas personas lo visitan y menos al atardecer pues no funciona ninguna de las 73 farolas que fueron instaladas por la [&hellip;]<!-- AddThis Advanced Settings generic via filter on get_the_excerpt --><!-- AddThis Share Buttons generic via filter on get_the_excerpt --><\/p>\n","protected":false},"author":5,"featured_media":0,"comment_status":"open","ping_status":"closed","sticky":false,"template":"","format":"standard","meta":[],"categories":[2],"tags":[],"_links":{"self":[{"href":"https:\/\/blogs.hoy.es\/hazteoir\/wp-json\/wp\/v2\/posts\/182"}],"collection":[{"href":"https:\/\/blogs.hoy.es\/hazteoir\/wp-json\/wp\/v2\/posts"}],"about":[{"href":"https:\/\/blogs.hoy.es\/hazteoir\/wp-json\/wp\/v2\/types\/post"}],"author":[{"embeddable":true,"href":"https:\/\/blogs.hoy.es\/hazteoir\/wp-json\/wp\/v2\/users\/5"}],"replies":[{"embeddable":true,"href":"https:\/\/blogs.hoy.es\/hazteoir\/wp-json\/wp\/v2\/comments?post=182"}],"version-history":[{"count":0,"href":"https:\/\/blogs.hoy.es\/hazteoir\/wp-json\/wp\/v2\/posts\/182\/revisions"}],"wp:attachment":[{"href":"https:\/\/blogs.hoy.es\/hazteoir\/wp-json\/wp\/v2\/media?parent=182"}],"wp:term":[{"taxonomy":"category","embeddable":true,"href":"https:\/\/blogs.hoy.es\/hazteoir\/wp-json\/wp\/v2\/categories?post=182"},{"taxonomy":"post_tag","embeddable":true,"href":"https:\/\/blogs.hoy.es\/hazteoir\/wp-json\/wp\/v2\/tags?post=182"}],"curies":[{"name":"wp","href":"https:\/\/api.w.org\/{rel}","templated":true}]}}