{"id":183,"date":"2006-11-02T11:18:33","date_gmt":"2006-11-02T11:18:33","guid":{"rendered":"http:\/\/blogs.hoy.es\/hazteoir\/?p=183"},"modified":"2006-11-02T11:18:33","modified_gmt":"2006-11-02T11:18:33","slug":"exposicion-nosotros-extremadura-su-patrimonio","status":"publish","type":"post","link":"https:\/\/blogs.hoy.es\/hazteoir\/2006\/11\/02\/exposicion-nosotros-extremadura-su-patrimonio\/","title":{"rendered":"Exposici\u00f3n &#039;Nosotros. Extremadura en su patrimonio&#039;"},"content":{"rendered":"<p><P>La muestra&nbsp;con la que Caja Extremadura celebra su centenario, y que consiste en un recorrido por la historia de la regi\u00f3n a trav\u00e9s de su patrimonio art\u00edstico ha causado&nbsp;una gran expectaci\u00f3n.<\/P><P><A href=\"http:\/\/www.hoy.es\/prensa\/20061102\/caceres\/personas-visitaron-muestra-nosotros_20061102.html\">Lea la noticia completa<\/A><\/P><\/p>\n<!-- AddThis Advanced Settings generic via filter on the_content --><!-- AddThis Share Buttons generic via filter on the_content -->","protected":false},"excerpt":{"rendered":"<p>La muestra&nbsp;con la que Caja Extremadura celebra su centenario, y que consiste en un recorrido por la historia de la regi\u00f3n a trav\u00e9s de su patrimonio art\u00edstico ha causado&nbsp;una gran expectaci\u00f3n.Lea la noticia completa<!-- AddThis Advanced Settings generic via filter on get_the_excerpt --><!-- AddThis Share Buttons generic via filter on get_the_excerpt --><\/p>\n","protected":false},"author":5,"featured_media":0,"comment_status":"open","ping_status":"closed","sticky":false,"template":"","format":"standard","meta":[],"categories":[2],"tags":[],"_links":{"self":[{"href":"https:\/\/blogs.hoy.es\/hazteoir\/wp-json\/wp\/v2\/posts\/183"}],"collection":[{"href":"https:\/\/blogs.hoy.es\/hazteoir\/wp-json\/wp\/v2\/posts"}],"about":[{"href":"https:\/\/blogs.hoy.es\/hazteoir\/wp-json\/wp\/v2\/types\/post"}],"author":[{"embeddable":true,"href":"https:\/\/blogs.hoy.es\/hazteoir\/wp-json\/wp\/v2\/users\/5"}],"replies":[{"embeddable":true,"href":"https:\/\/blogs.hoy.es\/hazteoir\/wp-json\/wp\/v2\/comments?post=183"}],"version-history":[{"count":0,"href":"https:\/\/blogs.hoy.es\/hazteoir\/wp-json\/wp\/v2\/posts\/183\/revisions"}],"wp:attachment":[{"href":"https:\/\/blogs.hoy.es\/hazteoir\/wp-json\/wp\/v2\/media?parent=183"}],"wp:term":[{"taxonomy":"category","embeddable":true,"href":"https:\/\/blogs.hoy.es\/hazteoir\/wp-json\/wp\/v2\/categories?post=183"},{"taxonomy":"post_tag","embeddable":true,"href":"https:\/\/blogs.hoy.es\/hazteoir\/wp-json\/wp\/v2\/tags?post=183"}],"curies":[{"name":"wp","href":"https:\/\/api.w.org\/{rel}","templated":true}]}}