{"id":190,"date":"2006-11-10T09:03:28","date_gmt":"2006-11-10T09:03:28","guid":{"rendered":"http:\/\/blogs.hoy.es\/hazteoir\/?p=190"},"modified":"2006-11-10T09:03:28","modified_gmt":"2006-11-10T09:03:28","slug":"miles-pacenses-viven-plena-ciudad-sin-cobertura-el","status":"publish","type":"post","link":"https:\/\/blogs.hoy.es\/hazteoir\/2006\/11\/10\/miles-pacenses-viven-plena-ciudad-sin-cobertura-el\/","title":{"rendered":"Miles de pacenses viven en plena ciudad sin cobertura en el m\u00f3vil"},"content":{"rendered":"<p><DIV class=ln-N60 id=lead-subtitulo>Barriadas como Antonio Dom\u00ednguez, nuevas urbanizaciones, zonas del Gurug\u00fa o del casco antiguo carecen de antenas con potencia suficiente Los ingenieros en Telecomunicaciones afirman que el problema \u00abes m\u00e1s social que t\u00e9cnico\u00bb ante el rechazo que causan las antenas.<\/DIV><DIV class=ln-N60>&nbsp;<\/DIV><DIV class=ln-N60><A href=\"http:\/\/www.hoy.es\/prensa\/20061110\/regional\/padre-nino-insultaron-almendralejo_20061110.html\">Lea la noticia completa<\/A><\/DIV><\/p>\n<!-- AddThis Advanced Settings generic via filter on the_content --><!-- AddThis Share Buttons generic via filter on the_content -->","protected":false},"excerpt":{"rendered":"<p>Barriadas como Antonio Dom\u00ednguez, nuevas urbanizaciones, zonas del Gurug\u00fa o del casco antiguo carecen de antenas con potencia suficiente Los ingenieros en Telecomunicaciones afirman que el problema \u00abes m\u00e1s social que t\u00e9cnico\u00bb ante el rechazo que causan las antenas.&nbsp;Lea la noticia completa<!-- AddThis Advanced Settings generic via filter on get_the_excerpt --><!-- AddThis Share Buttons generic via filter on get_the_excerpt --><\/p>\n","protected":false},"author":5,"featured_media":0,"comment_status":"open","ping_status":"closed","sticky":false,"template":"","format":"standard","meta":[],"categories":[2],"tags":[],"_links":{"self":[{"href":"https:\/\/blogs.hoy.es\/hazteoir\/wp-json\/wp\/v2\/posts\/190"}],"collection":[{"href":"https:\/\/blogs.hoy.es\/hazteoir\/wp-json\/wp\/v2\/posts"}],"about":[{"href":"https:\/\/blogs.hoy.es\/hazteoir\/wp-json\/wp\/v2\/types\/post"}],"author":[{"embeddable":true,"href":"https:\/\/blogs.hoy.es\/hazteoir\/wp-json\/wp\/v2\/users\/5"}],"replies":[{"embeddable":true,"href":"https:\/\/blogs.hoy.es\/hazteoir\/wp-json\/wp\/v2\/comments?post=190"}],"version-history":[{"count":0,"href":"https:\/\/blogs.hoy.es\/hazteoir\/wp-json\/wp\/v2\/posts\/190\/revisions"}],"wp:attachment":[{"href":"https:\/\/blogs.hoy.es\/hazteoir\/wp-json\/wp\/v2\/media?parent=190"}],"wp:term":[{"taxonomy":"category","embeddable":true,"href":"https:\/\/blogs.hoy.es\/hazteoir\/wp-json\/wp\/v2\/categories?post=190"},{"taxonomy":"post_tag","embeddable":true,"href":"https:\/\/blogs.hoy.es\/hazteoir\/wp-json\/wp\/v2\/tags?post=190"}],"curies":[{"name":"wp","href":"https:\/\/api.w.org\/{rel}","templated":true}]}}