{"id":191,"date":"2006-11-13T08:38:16","date_gmt":"2006-11-13T08:38:16","guid":{"rendered":"http:\/\/blogs.hoy.es\/hazteoir\/?p=191"},"modified":"2006-11-13T08:38:16","modified_gmt":"2006-11-13T08:38:16","slug":"campamentos-inmigrantes-santa-marta-los-barros","status":"publish","type":"post","link":"https:\/\/blogs.hoy.es\/hazteoir\/2006\/11\/13\/campamentos-inmigrantes-santa-marta-los-barros\/","title":{"rendered":"Campamentos de inmigrantes en Santa Marta de los Barros"},"content":{"rendered":"<p><P><STRONG>La infancia m\u00e1s dura<\/STRONG><\/P><P>Varios ni\u00f1os malviven en el campamento rumano de Santa Marta, e incluso algunas madres han dado a luz durante este tiempo.<\/P><P><A href=\"http:\/\/www.hoy.es\/prensa\/20061203\/regional\/infancia-dura_20061203.html\">Lea la noticia completa<\/A><\/P><P><STRONG>M\u00e1s de 2.000 inmigrantes viven hacinados a las afueras de Santa Marta de los Barros<\/STRONG><\/P><P>La mayor\u00eda son rumanos y portugueses de etnia gitana que vinieron a la vendimia y se han quedado para la recolecci\u00f3n de la aceituna Viven en condiciones infrahumanas en asentamientos bajo pl\u00e1sticos o cortijos abandonados sin agua ni luz \u00abEl Ayuntamiento no tiene infraestructura ni medios humanos para cobijarles dignamente\u00bb, asegura un concejal<\/P><P><A href=\"http:\/\/www.hoy.es\/prensa\/20061113\/regional\/inmigrantes-viven-hacinados-afueras_20061113.html\">Lea la noticia completa<\/A><\/P><\/p>\n<!-- AddThis Advanced Settings generic via filter on the_content --><!-- AddThis Share Buttons generic via filter on the_content -->","protected":false},"excerpt":{"rendered":"<p>La infancia m\u00e1s duraVarios ni\u00f1os malviven en el campamento rumano de Santa Marta, e incluso algunas madres han dado a luz durante este tiempo.Lea la noticia completaM\u00e1s de 2.000 inmigrantes viven hacinados a las afueras de Santa Marta de los BarrosLa mayor\u00eda son rumanos y portugueses de etnia gitana que vinieron a la vendimia y [&hellip;]<!-- AddThis Advanced Settings generic via filter on get_the_excerpt --><!-- AddThis Share Buttons generic via filter on get_the_excerpt --><\/p>\n","protected":false},"author":5,"featured_media":0,"comment_status":"open","ping_status":"closed","sticky":false,"template":"","format":"standard","meta":[],"categories":[2],"tags":[],"_links":{"self":[{"href":"https:\/\/blogs.hoy.es\/hazteoir\/wp-json\/wp\/v2\/posts\/191"}],"collection":[{"href":"https:\/\/blogs.hoy.es\/hazteoir\/wp-json\/wp\/v2\/posts"}],"about":[{"href":"https:\/\/blogs.hoy.es\/hazteoir\/wp-json\/wp\/v2\/types\/post"}],"author":[{"embeddable":true,"href":"https:\/\/blogs.hoy.es\/hazteoir\/wp-json\/wp\/v2\/users\/5"}],"replies":[{"embeddable":true,"href":"https:\/\/blogs.hoy.es\/hazteoir\/wp-json\/wp\/v2\/comments?post=191"}],"version-history":[{"count":0,"href":"https:\/\/blogs.hoy.es\/hazteoir\/wp-json\/wp\/v2\/posts\/191\/revisions"}],"wp:attachment":[{"href":"https:\/\/blogs.hoy.es\/hazteoir\/wp-json\/wp\/v2\/media?parent=191"}],"wp:term":[{"taxonomy":"category","embeddable":true,"href":"https:\/\/blogs.hoy.es\/hazteoir\/wp-json\/wp\/v2\/categories?post=191"},{"taxonomy":"post_tag","embeddable":true,"href":"https:\/\/blogs.hoy.es\/hazteoir\/wp-json\/wp\/v2\/tags?post=191"}],"curies":[{"name":"wp","href":"https:\/\/api.w.org\/{rel}","templated":true}]}}