{"id":192,"date":"2006-11-13T08:48:00","date_gmt":"2006-11-13T08:48:00","guid":{"rendered":"http:\/\/blogs.hoy.es\/hazteoir\/?p=192"},"modified":"2006-11-13T08:48:00","modified_gmt":"2006-11-13T08:48:00","slug":"solo-1-4-los-padres-pacenses-comparten-baja-de","status":"publish","type":"post","link":"https:\/\/blogs.hoy.es\/hazteoir\/2006\/11\/13\/solo-1-4-los-padres-pacenses-comparten-baja-de\/","title":{"rendered":"S\u00f3lo el 1,4 % de los padres pacenses comparten la baja de maternidad"},"content":{"rendered":"<p><DIV class=ln-SA id=story-subtitulo>Extremadura es la regi\u00f3n donde m\u00e1s han aumentado las solicitudes en el \u00faltimo a\u00f1o El INSS ha aprobado 2.325 permisos en los primeros ochos meses del 2006<\/DIV><DIV class=ln-SA>&nbsp;<\/DIV><DIV class=ln-SA><A href=\"http:\/\/www.hoy.es\/prensa\/20061113\/badajoz\/solo-padres-pacenses-comparten_20061113.html\">Lea la noticia completa<\/A><\/DIV><\/p>\n<!-- AddThis Advanced Settings generic via filter on the_content --><!-- AddThis Share Buttons generic via filter on the_content -->","protected":false},"excerpt":{"rendered":"<p>Extremadura es la regi\u00f3n donde m\u00e1s han aumentado las solicitudes en el \u00faltimo a\u00f1o El INSS ha aprobado 2.325 permisos en los primeros ochos meses del 2006&nbsp;Lea la noticia completa<!-- AddThis Advanced Settings generic via filter on get_the_excerpt --><!-- AddThis Share Buttons generic via filter on get_the_excerpt --><\/p>\n","protected":false},"author":5,"featured_media":0,"comment_status":"open","ping_status":"closed","sticky":false,"template":"","format":"standard","meta":[],"categories":[2],"tags":[],"_links":{"self":[{"href":"https:\/\/blogs.hoy.es\/hazteoir\/wp-json\/wp\/v2\/posts\/192"}],"collection":[{"href":"https:\/\/blogs.hoy.es\/hazteoir\/wp-json\/wp\/v2\/posts"}],"about":[{"href":"https:\/\/blogs.hoy.es\/hazteoir\/wp-json\/wp\/v2\/types\/post"}],"author":[{"embeddable":true,"href":"https:\/\/blogs.hoy.es\/hazteoir\/wp-json\/wp\/v2\/users\/5"}],"replies":[{"embeddable":true,"href":"https:\/\/blogs.hoy.es\/hazteoir\/wp-json\/wp\/v2\/comments?post=192"}],"version-history":[{"count":0,"href":"https:\/\/blogs.hoy.es\/hazteoir\/wp-json\/wp\/v2\/posts\/192\/revisions"}],"wp:attachment":[{"href":"https:\/\/blogs.hoy.es\/hazteoir\/wp-json\/wp\/v2\/media?parent=192"}],"wp:term":[{"taxonomy":"category","embeddable":true,"href":"https:\/\/blogs.hoy.es\/hazteoir\/wp-json\/wp\/v2\/categories?post=192"},{"taxonomy":"post_tag","embeddable":true,"href":"https:\/\/blogs.hoy.es\/hazteoir\/wp-json\/wp\/v2\/tags?post=192"}],"curies":[{"name":"wp","href":"https:\/\/api.w.org\/{rel}","templated":true}]}}