{"id":193,"date":"2006-11-14T09:16:05","date_gmt":"2006-11-14T09:16:05","guid":{"rendered":"http:\/\/blogs.hoy.es\/hazteoir\/?p=193"},"modified":"2006-11-14T09:16:05","modified_gmt":"2006-11-14T09:16:05","slug":"estado-las-calles-badajoz","status":"publish","type":"post","link":"https:\/\/blogs.hoy.es\/hazteoir\/2006\/11\/14\/estado-las-calles-badajoz\/","title":{"rendered":"Estado de las calles de Badajoz"},"content":{"rendered":"<p><P><STRONG>16\/11\/2006 El Ayuntamiento retira los coches y repone el alumbrado en Los Colorines<\/STRONG><\/P><DIV class=ln-SA id=story-subtitulo>El colectivo pro recuperaci\u00f3n del barrio muestra su satisfacci\u00f3n pero exige m\u00e1s limpieza y el servicio de bus y butano<\/DIV><DIV class=ln-SA><A href=\"http:\/\/www.hoy.es\/prensa\/20061116\/badajoz\/ayuntamiento-retira-coches-repone_20061116.html\">Lea la noticia completa<\/A><\/DIV><P><STRONG>15\/11\/2006 El Ayuntamiento renueva el firme de once avenidas de la ciudad<\/STRONG><\/P><P>Las m\u00e1quinas tomaron a primera hora de la ma\u00f1ana la avenida Vicente Marcelo Nessi y continuar\u00e1n en La Retama y Jaime Montero de Espinosa Tambi\u00e9n se llevar\u00e1 a cabo una campa\u00f1a de bacheo en el casco urbano<\/P><P><A href=\"http:\/\/www.hoy.es\/prensa\/20061115\/badajoz\/ayuntamiento-renueva-firme-once_20061115.html\">Lea la noticia completa<\/A><\/P><P><STRONG>14\/11\/2006La falta de mantenimiento caracteriza a las calles que no son municipales<\/STRONG><\/P><P>La ciudad cuenta con m\u00e1s de diez kil\u00f3metros de avenidas y puentes que no son del Ayuntamiento Diputaci\u00f3n, Junta de Extremadura y Ministerio de Fomento son titulares de lo que fueron accesos<\/P><P><A href=\"http:\/\/www.hoy.es\/prensa\/20061114\/badajoz\/falta-mantenimiento-caracteriza-calles_20061114.html\">Lea la noticia completa<\/A><\/P><\/p>\n<!-- AddThis Advanced Settings generic via filter on the_content --><!-- AddThis Share Buttons generic via filter on the_content -->","protected":false},"excerpt":{"rendered":"<p>16\/11\/2006 El Ayuntamiento retira los coches y repone el alumbrado en Los ColorinesEl colectivo pro recuperaci\u00f3n del barrio muestra su satisfacci\u00f3n pero exige m\u00e1s limpieza y el servicio de bus y butanoLea la noticia completa15\/11\/2006 El Ayuntamiento renueva el firme de once avenidas de la ciudadLas m\u00e1quinas tomaron a primera hora de la ma\u00f1ana la [&hellip;]<!-- AddThis Advanced Settings generic via filter on get_the_excerpt --><!-- AddThis Share Buttons generic via filter on get_the_excerpt --><\/p>\n","protected":false},"author":5,"featured_media":0,"comment_status":"open","ping_status":"closed","sticky":false,"template":"","format":"standard","meta":[],"categories":[2],"tags":[],"_links":{"self":[{"href":"https:\/\/blogs.hoy.es\/hazteoir\/wp-json\/wp\/v2\/posts\/193"}],"collection":[{"href":"https:\/\/blogs.hoy.es\/hazteoir\/wp-json\/wp\/v2\/posts"}],"about":[{"href":"https:\/\/blogs.hoy.es\/hazteoir\/wp-json\/wp\/v2\/types\/post"}],"author":[{"embeddable":true,"href":"https:\/\/blogs.hoy.es\/hazteoir\/wp-json\/wp\/v2\/users\/5"}],"replies":[{"embeddable":true,"href":"https:\/\/blogs.hoy.es\/hazteoir\/wp-json\/wp\/v2\/comments?post=193"}],"version-history":[{"count":0,"href":"https:\/\/blogs.hoy.es\/hazteoir\/wp-json\/wp\/v2\/posts\/193\/revisions"}],"wp:attachment":[{"href":"https:\/\/blogs.hoy.es\/hazteoir\/wp-json\/wp\/v2\/media?parent=193"}],"wp:term":[{"taxonomy":"category","embeddable":true,"href":"https:\/\/blogs.hoy.es\/hazteoir\/wp-json\/wp\/v2\/categories?post=193"},{"taxonomy":"post_tag","embeddable":true,"href":"https:\/\/blogs.hoy.es\/hazteoir\/wp-json\/wp\/v2\/tags?post=193"}],"curies":[{"name":"wp","href":"https:\/\/api.w.org\/{rel}","templated":true}]}}