{"id":196,"date":"2006-11-15T09:30:14","date_gmt":"2006-11-15T09:30:14","guid":{"rendered":"http:\/\/blogs.hoy.es\/hazteoir\/?p=196"},"modified":"2006-11-15T09:30:14","modified_gmt":"2006-11-15T09:30:14","slug":"exigen-zafra-retirada-del-obelisco-rinde-homenaje-al","status":"publish","type":"post","link":"https:\/\/blogs.hoy.es\/hazteoir\/2006\/11\/15\/exigen-zafra-retirada-del-obelisco-rinde-homenaje-al\/","title":{"rendered":"Exigen en Zafra la retirada  del obelisco que  rinde homenaje al comandante Castej\u00f3n"},"content":{"rendered":"<p><P>La Asociaci\u00f3n para&nbsp; la Recuperaci\u00f3n de la Memoria Hist\u00f3rica quiere que se traslade a otro lugar. Entienden que representa a quien dirigi\u00f3 la represi\u00f3n&nbsp; en Zafra.<\/P><P><A href=\"http:\/\/www.hoy.es\/prensa\/20061115\/prov_badajoz\/exigen-retirada-obelisco-rinde_20061115.html\">Lea la noticia completa<\/A><\/P><\/p>\n<!-- AddThis Advanced Settings generic via filter on the_content --><!-- AddThis Share Buttons generic via filter on the_content -->","protected":false},"excerpt":{"rendered":"<p>La Asociaci\u00f3n para&nbsp; la Recuperaci\u00f3n de la Memoria Hist\u00f3rica quiere que se traslade a otro lugar. Entienden que representa a quien dirigi\u00f3 la represi\u00f3n&nbsp; en Zafra.Lea la noticia completa<!-- AddThis Advanced Settings generic via filter on get_the_excerpt --><!-- AddThis Share Buttons generic via filter on get_the_excerpt --><\/p>\n","protected":false},"author":5,"featured_media":0,"comment_status":"open","ping_status":"closed","sticky":false,"template":"","format":"standard","meta":[],"categories":[2],"tags":[],"_links":{"self":[{"href":"https:\/\/blogs.hoy.es\/hazteoir\/wp-json\/wp\/v2\/posts\/196"}],"collection":[{"href":"https:\/\/blogs.hoy.es\/hazteoir\/wp-json\/wp\/v2\/posts"}],"about":[{"href":"https:\/\/blogs.hoy.es\/hazteoir\/wp-json\/wp\/v2\/types\/post"}],"author":[{"embeddable":true,"href":"https:\/\/blogs.hoy.es\/hazteoir\/wp-json\/wp\/v2\/users\/5"}],"replies":[{"embeddable":true,"href":"https:\/\/blogs.hoy.es\/hazteoir\/wp-json\/wp\/v2\/comments?post=196"}],"version-history":[{"count":0,"href":"https:\/\/blogs.hoy.es\/hazteoir\/wp-json\/wp\/v2\/posts\/196\/revisions"}],"wp:attachment":[{"href":"https:\/\/blogs.hoy.es\/hazteoir\/wp-json\/wp\/v2\/media?parent=196"}],"wp:term":[{"taxonomy":"category","embeddable":true,"href":"https:\/\/blogs.hoy.es\/hazteoir\/wp-json\/wp\/v2\/categories?post=196"},{"taxonomy":"post_tag","embeddable":true,"href":"https:\/\/blogs.hoy.es\/hazteoir\/wp-json\/wp\/v2\/tags?post=196"}],"curies":[{"name":"wp","href":"https:\/\/api.w.org\/{rel}","templated":true}]}}