{"id":197,"date":"2006-11-22T08:17:39","date_gmt":"2006-11-22T08:17:39","guid":{"rendered":"http:\/\/blogs.hoy.es\/hazteoir\/?p=197"},"modified":"2006-11-22T08:17:39","modified_gmt":"2006-11-22T08:17:39","slug":"la-fiscalia-badajoz-tratara-agresion-profesores-como","status":"publish","type":"post","link":"https:\/\/blogs.hoy.es\/hazteoir\/2006\/11\/22\/la-fiscalia-badajoz-tratara-agresion-profesores-como\/","title":{"rendered":"La Fiscal\u00eda de Badajoz tratar\u00e1 la agresi\u00f3n a profesores como atentado a la autoridad"},"content":{"rendered":"<p><P>23\/11\/2006 <STRONG>La Fiscal\u00eda actuar\u00e1 de oficio en las agresiones a docentes<\/STRONG><\/P><P><A href=\"http:\/\/www.hoy.es\/prensa\/20061123\/regional\/fiscalia-actuara-oficio-agresiones_20061123.html\">Lea la noticia completa<\/A><\/P><P>22\/11\/2006 El fiscal jefe Antonio Mateos anuncia al sindicato PIDE el endurecimiento de las penas que solicita. De falta leve como es ahora pasar\u00edan a considerarse delitos que pueden acarrear penas de prisi\u00f3n.<\/P><P><A href=\"http:\/\/www.hoy.es\/prensa\/20061122\/regional\/fiscalia-badajoz-tratara-agresion_20061122.html\">Lea la noticia completa<\/A><\/P><\/p>\n<!-- AddThis Advanced Settings generic via filter on the_content --><!-- AddThis Share Buttons generic via filter on the_content -->","protected":false},"excerpt":{"rendered":"<p>23\/11\/2006 La Fiscal\u00eda actuar\u00e1 de oficio en las agresiones a docentesLea la noticia completa22\/11\/2006 El fiscal jefe Antonio Mateos anuncia al sindicato PIDE el endurecimiento de las penas que solicita. De falta leve como es ahora pasar\u00edan a considerarse delitos que pueden acarrear penas de prisi\u00f3n.Lea la noticia completa<!-- AddThis Advanced Settings generic via filter on get_the_excerpt --><!-- AddThis Share Buttons generic via filter on get_the_excerpt --><\/p>\n","protected":false},"author":5,"featured_media":0,"comment_status":"open","ping_status":"closed","sticky":false,"template":"","format":"standard","meta":[],"categories":[2],"tags":[],"_links":{"self":[{"href":"https:\/\/blogs.hoy.es\/hazteoir\/wp-json\/wp\/v2\/posts\/197"}],"collection":[{"href":"https:\/\/blogs.hoy.es\/hazteoir\/wp-json\/wp\/v2\/posts"}],"about":[{"href":"https:\/\/blogs.hoy.es\/hazteoir\/wp-json\/wp\/v2\/types\/post"}],"author":[{"embeddable":true,"href":"https:\/\/blogs.hoy.es\/hazteoir\/wp-json\/wp\/v2\/users\/5"}],"replies":[{"embeddable":true,"href":"https:\/\/blogs.hoy.es\/hazteoir\/wp-json\/wp\/v2\/comments?post=197"}],"version-history":[{"count":0,"href":"https:\/\/blogs.hoy.es\/hazteoir\/wp-json\/wp\/v2\/posts\/197\/revisions"}],"wp:attachment":[{"href":"https:\/\/blogs.hoy.es\/hazteoir\/wp-json\/wp\/v2\/media?parent=197"}],"wp:term":[{"taxonomy":"category","embeddable":true,"href":"https:\/\/blogs.hoy.es\/hazteoir\/wp-json\/wp\/v2\/categories?post=197"},{"taxonomy":"post_tag","embeddable":true,"href":"https:\/\/blogs.hoy.es\/hazteoir\/wp-json\/wp\/v2\/tags?post=197"}],"curies":[{"name":"wp","href":"https:\/\/api.w.org\/{rel}","templated":true}]}}