{"id":198,"date":"2006-11-22T08:34:29","date_gmt":"2006-11-22T08:34:29","guid":{"rendered":"http:\/\/blogs.hoy.es\/hazteoir\/?p=198"},"modified":"2006-11-22T08:34:29","modified_gmt":"2006-11-22T08:34:29","slug":"tres-lineas-tubasa-cambian-su-trazado-parar-los-dos","status":"publish","type":"post","link":"https:\/\/blogs.hoy.es\/hazteoir\/2006\/11\/22\/tres-lineas-tubasa-cambian-su-trazado-parar-los-dos\/","title":{"rendered":"Tres l\u00edneas de Tubasa cambian su trazado para parar en los dos nuevos centros de salud de Badajoz"},"content":{"rendered":"<p><P>Este trastorno en las l\u00edneas no supondr\u00e1 un aumento del n\u00famero de veh\u00edculos ni en la frecuencia de paso.<BR><\/P><P><A href=\"http:\/\/www.hoy.es\/prensa\/20061122\/badajoz\/tres-lineas-tubasa-cambian_20061122.html\">Lea la noticia completa<\/A>&nbsp;<\/P><\/p>\n<!-- AddThis Advanced Settings generic via filter on the_content --><!-- AddThis Share Buttons generic via filter on the_content -->","protected":false},"excerpt":{"rendered":"<p>Este trastorno en las l\u00edneas no supondr\u00e1 un aumento del n\u00famero de veh\u00edculos ni en la frecuencia de paso.Lea la noticia completa&nbsp;<!-- AddThis Advanced Settings generic via filter on get_the_excerpt --><!-- AddThis Share Buttons generic via filter on get_the_excerpt --><\/p>\n","protected":false},"author":5,"featured_media":0,"comment_status":"open","ping_status":"closed","sticky":false,"template":"","format":"standard","meta":[],"categories":[2],"tags":[],"_links":{"self":[{"href":"https:\/\/blogs.hoy.es\/hazteoir\/wp-json\/wp\/v2\/posts\/198"}],"collection":[{"href":"https:\/\/blogs.hoy.es\/hazteoir\/wp-json\/wp\/v2\/posts"}],"about":[{"href":"https:\/\/blogs.hoy.es\/hazteoir\/wp-json\/wp\/v2\/types\/post"}],"author":[{"embeddable":true,"href":"https:\/\/blogs.hoy.es\/hazteoir\/wp-json\/wp\/v2\/users\/5"}],"replies":[{"embeddable":true,"href":"https:\/\/blogs.hoy.es\/hazteoir\/wp-json\/wp\/v2\/comments?post=198"}],"version-history":[{"count":0,"href":"https:\/\/blogs.hoy.es\/hazteoir\/wp-json\/wp\/v2\/posts\/198\/revisions"}],"wp:attachment":[{"href":"https:\/\/blogs.hoy.es\/hazteoir\/wp-json\/wp\/v2\/media?parent=198"}],"wp:term":[{"taxonomy":"category","embeddable":true,"href":"https:\/\/blogs.hoy.es\/hazteoir\/wp-json\/wp\/v2\/categories?post=198"},{"taxonomy":"post_tag","embeddable":true,"href":"https:\/\/blogs.hoy.es\/hazteoir\/wp-json\/wp\/v2\/tags?post=198"}],"curies":[{"name":"wp","href":"https:\/\/api.w.org\/{rel}","templated":true}]}}