{"id":200,"date":"2006-11-22T20:14:31","date_gmt":"2006-11-22T20:14:31","guid":{"rendered":"http:\/\/blogs.hoy.es\/hazteoir\/?p=200"},"modified":"2006-11-22T20:14:31","modified_gmt":"2006-11-22T20:14:31","slug":"ibarra-y-saponi-desbloquean-operacion-corte-ingles","status":"publish","type":"post","link":"https:\/\/blogs.hoy.es\/hazteoir\/2006\/11\/22\/ibarra-y-saponi-desbloquean-operacion-corte-ingles\/","title":{"rendered":"Ibarra y Saponi desbloquean la Operaci\u00f3n Corte Ingl\u00e9s"},"content":{"rendered":"<p>El presidente de la Junta de Extremadura, Juan Carlos Rodr\u00edguez Ibarra,<br \/>\ny el alcalde de C\u00e1ceres, Jos\u00e9 Mar\u00eda Saponi, desbloquearon la Operaci\u00f3n<br \/>\nCorte Ingl\u00e9s tras una reuni\u00f3n de m\u00e1s de dos horas mantenida en el<br \/>\nconsistorio cacere\u00f1o, informa Europa Press.<br \/>\nAmbos acordaron convertir a la Junta y al ayuntamiento en promotores de<br \/>\nla operaci\u00f3n y prescindir del promotor que iba a ejercer de<br \/>\nintermediario en la compra y venta del solar que actualmente ocupa el<br \/>\ncolegio de Las Carmelitas y donde se instalar\u00e1n los grandes almacenes.<\/p>\n<!-- AddThis Advanced Settings generic via filter on the_content --><!-- AddThis Share Buttons generic via filter on the_content -->","protected":false},"excerpt":{"rendered":"<p>El presidente de la Junta de Extremadura, Juan Carlos Rodr\u00edguez Ibarra, y el alcalde de C\u00e1ceres, Jos\u00e9 Mar\u00eda Saponi, desbloquearon la Operaci\u00f3n Corte Ingl\u00e9s tras una reuni\u00f3n de m\u00e1s de dos horas mantenida en el consistorio cacere\u00f1o, informa Europa Press. Ambos acordaron convertir a la Junta y al ayuntamiento en promotores de la operaci\u00f3n y [&hellip;]<!-- AddThis Advanced Settings generic via filter on get_the_excerpt --><!-- AddThis Share Buttons generic via filter on get_the_excerpt --><\/p>\n","protected":false},"author":5,"featured_media":0,"comment_status":"open","ping_status":"closed","sticky":false,"template":"","format":"standard","meta":[],"categories":[2],"tags":[],"_links":{"self":[{"href":"https:\/\/blogs.hoy.es\/hazteoir\/wp-json\/wp\/v2\/posts\/200"}],"collection":[{"href":"https:\/\/blogs.hoy.es\/hazteoir\/wp-json\/wp\/v2\/posts"}],"about":[{"href":"https:\/\/blogs.hoy.es\/hazteoir\/wp-json\/wp\/v2\/types\/post"}],"author":[{"embeddable":true,"href":"https:\/\/blogs.hoy.es\/hazteoir\/wp-json\/wp\/v2\/users\/5"}],"replies":[{"embeddable":true,"href":"https:\/\/blogs.hoy.es\/hazteoir\/wp-json\/wp\/v2\/comments?post=200"}],"version-history":[{"count":0,"href":"https:\/\/blogs.hoy.es\/hazteoir\/wp-json\/wp\/v2\/posts\/200\/revisions"}],"wp:attachment":[{"href":"https:\/\/blogs.hoy.es\/hazteoir\/wp-json\/wp\/v2\/media?parent=200"}],"wp:term":[{"taxonomy":"category","embeddable":true,"href":"https:\/\/blogs.hoy.es\/hazteoir\/wp-json\/wp\/v2\/categories?post=200"},{"taxonomy":"post_tag","embeddable":true,"href":"https:\/\/blogs.hoy.es\/hazteoir\/wp-json\/wp\/v2\/tags?post=200"}],"curies":[{"name":"wp","href":"https:\/\/api.w.org\/{rel}","templated":true}]}}