{"id":201,"date":"2006-11-28T09:14:11","date_gmt":"2006-11-28T09:14:11","guid":{"rendered":"http:\/\/blogs.hoy.es\/hazteoir\/?p=201"},"modified":"2006-11-28T09:14:11","modified_gmt":"2006-11-28T09:14:11","slug":"debate-sobre-infantil-y-primaria","status":"publish","type":"post","link":"https:\/\/blogs.hoy.es\/hazteoir\/2006\/11\/28\/debate-sobre-infantil-y-primaria\/","title":{"rendered":"Debate sobre infantil y primaria"},"content":{"rendered":"<p><P><STRONG><FONT face=Arial size=2>30\/11\/2006 Padres y maestros culpan a la televisi\u00f3n de estropear su trabajo educativo<\/FONT><\/STRONG><\/P><P><FONT face=Arial size=2>Los valores positivos que transmiten a los ni\u00f1os luego son anulados por la televisi\u00f3n y la calle Acaba el debate sobre Infantil y Primaria y ahora la Junta analizar\u00e1 conclusiones para tomar medidas<\/FONT><\/P><P><A href=\"http:\/\/www.hoy.es\/prensa\/20061130\/regional\/padres-maestros-culpan-television_20061130.html\"><FONT face=Arial size=2>Lea la noticia completa<\/FONT><\/A><\/P><DIV class=titulo16><FONT face=Arial><FONT size=2><STRONG>28\/11\/2006 Los profesores achacan el conflicto escolar a lo &#8216;blandas&#8217; que son las familias<\/STRONG> <\/FONT><\/FONT><\/DIV><P><FONT face=Arial size=2>Los padres saben que su papel es importante, pero admiten que no saben c\u00f3mo educar a sus hijos. 446 colegios han participado en el debate de Primaria que ha encuestado a 1.132 familias y 427 profesores.<\/FONT><\/P><P><A href=\"http:\/\/www.hoy.es\/prensa\/20061128\/regional\/profesores-achacan-conflicto-escolar_20061128.html\"><FONT face=Arial size=2>Lea la noticia completa<\/FONT><\/A><\/P><P>&nbsp;<\/P><\/p>\n<!-- AddThis Advanced Settings generic via filter on the_content --><!-- AddThis Share Buttons generic via filter on the_content -->","protected":false},"excerpt":{"rendered":"<p>30\/11\/2006 Padres y maestros culpan a la televisi\u00f3n de estropear su trabajo educativoLos valores positivos que transmiten a los ni\u00f1os luego son anulados por la televisi\u00f3n y la calle Acaba el debate sobre Infantil y Primaria y ahora la Junta analizar\u00e1 conclusiones para tomar medidasLea la noticia completa28\/11\/2006 Los profesores achacan el conflicto escolar a [&hellip;]<!-- AddThis Advanced Settings generic via filter on get_the_excerpt --><!-- AddThis Share Buttons generic via filter on get_the_excerpt --><\/p>\n","protected":false},"author":5,"featured_media":0,"comment_status":"open","ping_status":"closed","sticky":false,"template":"","format":"standard","meta":[],"categories":[2],"tags":[],"_links":{"self":[{"href":"https:\/\/blogs.hoy.es\/hazteoir\/wp-json\/wp\/v2\/posts\/201"}],"collection":[{"href":"https:\/\/blogs.hoy.es\/hazteoir\/wp-json\/wp\/v2\/posts"}],"about":[{"href":"https:\/\/blogs.hoy.es\/hazteoir\/wp-json\/wp\/v2\/types\/post"}],"author":[{"embeddable":true,"href":"https:\/\/blogs.hoy.es\/hazteoir\/wp-json\/wp\/v2\/users\/5"}],"replies":[{"embeddable":true,"href":"https:\/\/blogs.hoy.es\/hazteoir\/wp-json\/wp\/v2\/comments?post=201"}],"version-history":[{"count":0,"href":"https:\/\/blogs.hoy.es\/hazteoir\/wp-json\/wp\/v2\/posts\/201\/revisions"}],"wp:attachment":[{"href":"https:\/\/blogs.hoy.es\/hazteoir\/wp-json\/wp\/v2\/media?parent=201"}],"wp:term":[{"taxonomy":"category","embeddable":true,"href":"https:\/\/blogs.hoy.es\/hazteoir\/wp-json\/wp\/v2\/categories?post=201"},{"taxonomy":"post_tag","embeddable":true,"href":"https:\/\/blogs.hoy.es\/hazteoir\/wp-json\/wp\/v2\/tags?post=201"}],"curies":[{"name":"wp","href":"https:\/\/api.w.org\/{rel}","templated":true}]}}