{"id":206,"date":"2006-11-30T12:11:35","date_gmt":"2006-11-30T12:11:35","guid":{"rendered":"http:\/\/blogs.hoy.es\/hazteoir\/?p=206"},"modified":"2006-11-30T12:11:35","modified_gmt":"2006-11-30T12:11:35","slug":"rajan-ruedas-medio-centenar-coches-tres-calles-y","status":"publish","type":"post","link":"https:\/\/blogs.hoy.es\/hazteoir\/2006\/11\/30\/rajan-ruedas-medio-centenar-coches-tres-calles-y\/","title":{"rendered":"Rajan las ruedas de medio centenar de coches en tres calles y una avenida de C\u00e1ceres"},"content":{"rendered":"<p><P>La mayor\u00eda de los coches afectados estaban en la avenida de Hern\u00e1n Cort\u00e9s, en donde los vecinos piden m\u00e1s polic\u00edas o c\u00e1maras de TV.<\/P><P><A href=\"http:\/\/www.hoy.es\/prensa\/20061130\/caceres\/rajan-ruedas-medio-centenar_20061130.html\">Lea la noticia completa<\/A><\/P><\/p>\n<!-- AddThis Advanced Settings generic via filter on the_content --><!-- AddThis Share Buttons generic via filter on the_content -->","protected":false},"excerpt":{"rendered":"<p>La mayor\u00eda de los coches afectados estaban en la avenida de Hern\u00e1n Cort\u00e9s, en donde los vecinos piden m\u00e1s polic\u00edas o c\u00e1maras de TV.Lea la noticia completa<!-- AddThis Advanced Settings generic via filter on get_the_excerpt --><!-- AddThis Share Buttons generic via filter on get_the_excerpt --><\/p>\n","protected":false},"author":5,"featured_media":0,"comment_status":"open","ping_status":"closed","sticky":false,"template":"","format":"standard","meta":[],"categories":[2],"tags":[],"_links":{"self":[{"href":"https:\/\/blogs.hoy.es\/hazteoir\/wp-json\/wp\/v2\/posts\/206"}],"collection":[{"href":"https:\/\/blogs.hoy.es\/hazteoir\/wp-json\/wp\/v2\/posts"}],"about":[{"href":"https:\/\/blogs.hoy.es\/hazteoir\/wp-json\/wp\/v2\/types\/post"}],"author":[{"embeddable":true,"href":"https:\/\/blogs.hoy.es\/hazteoir\/wp-json\/wp\/v2\/users\/5"}],"replies":[{"embeddable":true,"href":"https:\/\/blogs.hoy.es\/hazteoir\/wp-json\/wp\/v2\/comments?post=206"}],"version-history":[{"count":0,"href":"https:\/\/blogs.hoy.es\/hazteoir\/wp-json\/wp\/v2\/posts\/206\/revisions"}],"wp:attachment":[{"href":"https:\/\/blogs.hoy.es\/hazteoir\/wp-json\/wp\/v2\/media?parent=206"}],"wp:term":[{"taxonomy":"category","embeddable":true,"href":"https:\/\/blogs.hoy.es\/hazteoir\/wp-json\/wp\/v2\/categories?post=206"},{"taxonomy":"post_tag","embeddable":true,"href":"https:\/\/blogs.hoy.es\/hazteoir\/wp-json\/wp\/v2\/tags?post=206"}],"curies":[{"name":"wp","href":"https:\/\/api.w.org\/{rel}","templated":true}]}}