{"id":216,"date":"2006-12-13T17:55:02","date_gmt":"2006-12-13T17:55:02","guid":{"rendered":"http:\/\/blogs.hoy.es\/hazteoir\/?p=216"},"modified":"2006-12-13T17:55:02","modified_gmt":"2006-12-13T17:55:02","slug":"villanueva-instalara-videocamaras-los-edificios-publicos-el","status":"publish","type":"post","link":"https:\/\/blogs.hoy.es\/hazteoir\/2006\/12\/13\/villanueva-instalara-videocamaras-los-edificios-publicos-el\/","title":{"rendered":"Villanueva instalar\u00e1 videoc\u00e1maras en los edificios p\u00fablicos el pr\u00f3ximo a\u00f1o"},"content":{"rendered":"<p><P><A href=\"http:\/\/www.hoy.es\/prensa\/20061215\/badajoz\/villanueva-instalara-videocamaras-edificios_20061215.html\">Lea la noticia completa<\/A><\/P><P>&nbsp;<\/P><P><A href=\"http:\/\/www.hoy.es\/20061213\/badajoz\/delegacion-gobierno-autorizara-instalacion_200612131730.html\">No se autorizar\u00e1 la instalaci\u00f3n de c\u00e1maras en las calles de Olivenza y Llerena<\/A><\/P><\/p>\n<!-- AddThis Advanced Settings generic via filter on the_content --><!-- AddThis Share Buttons generic via filter on the_content -->","protected":false},"excerpt":{"rendered":"<p>Lea la noticia completa&nbsp;No se autorizar\u00e1 la instalaci\u00f3n de c\u00e1maras en las calles de Olivenza y Llerena<!-- AddThis Advanced Settings generic via filter on get_the_excerpt --><!-- AddThis Share Buttons generic via filter on get_the_excerpt --><\/p>\n","protected":false},"author":5,"featured_media":0,"comment_status":"open","ping_status":"closed","sticky":false,"template":"","format":"standard","meta":[],"categories":[2],"tags":[],"_links":{"self":[{"href":"https:\/\/blogs.hoy.es\/hazteoir\/wp-json\/wp\/v2\/posts\/216"}],"collection":[{"href":"https:\/\/blogs.hoy.es\/hazteoir\/wp-json\/wp\/v2\/posts"}],"about":[{"href":"https:\/\/blogs.hoy.es\/hazteoir\/wp-json\/wp\/v2\/types\/post"}],"author":[{"embeddable":true,"href":"https:\/\/blogs.hoy.es\/hazteoir\/wp-json\/wp\/v2\/users\/5"}],"replies":[{"embeddable":true,"href":"https:\/\/blogs.hoy.es\/hazteoir\/wp-json\/wp\/v2\/comments?post=216"}],"version-history":[{"count":0,"href":"https:\/\/blogs.hoy.es\/hazteoir\/wp-json\/wp\/v2\/posts\/216\/revisions"}],"wp:attachment":[{"href":"https:\/\/blogs.hoy.es\/hazteoir\/wp-json\/wp\/v2\/media?parent=216"}],"wp:term":[{"taxonomy":"category","embeddable":true,"href":"https:\/\/blogs.hoy.es\/hazteoir\/wp-json\/wp\/v2\/categories?post=216"},{"taxonomy":"post_tag","embeddable":true,"href":"https:\/\/blogs.hoy.es\/hazteoir\/wp-json\/wp\/v2\/tags?post=216"}],"curies":[{"name":"wp","href":"https:\/\/api.w.org\/{rel}","templated":true}]}}