{"id":220,"date":"2006-12-14T12:50:22","date_gmt":"2006-12-14T12:50:22","guid":{"rendered":"http:\/\/blogs.hoy.es\/hazteoir\/?p=220"},"modified":"2006-12-14T12:50:22","modified_gmt":"2006-12-14T12:50:22","slug":"queremos-vivienda-digna","status":"publish","type":"post","link":"https:\/\/blogs.hoy.es\/hazteoir\/2006\/12\/14\/queremos-vivienda-digna\/","title":{"rendered":"\u00bfQueremos una vivienda digna?"},"content":{"rendered":"<p><P>Los organizadores de un acto convocado en la Facultad de Filosof\u00eda y Letras de C\u00e1ceres&nbsp;se quedaron casi solos denunciando la situaci\u00f3n de los alquileres.<\/P><P><A href=\"http:\/\/www.hoy.es\/prensa\/20061214\/caceres\/queremos-vivienda-digna_20061214.html\">Lea la noticia completa<\/A><\/P><\/p>\n<!-- AddThis Advanced Settings generic via filter on the_content --><!-- AddThis Share Buttons generic via filter on the_content -->","protected":false},"excerpt":{"rendered":"<p>Los organizadores de un acto convocado en la Facultad de Filosof\u00eda y Letras de C\u00e1ceres&nbsp;se quedaron casi solos denunciando la situaci\u00f3n de los alquileres.Lea la noticia completa<!-- AddThis Advanced Settings generic via filter on get_the_excerpt --><!-- AddThis Share Buttons generic via filter on get_the_excerpt --><\/p>\n","protected":false},"author":5,"featured_media":0,"comment_status":"open","ping_status":"closed","sticky":false,"template":"","format":"standard","meta":[],"categories":[2],"tags":[],"_links":{"self":[{"href":"https:\/\/blogs.hoy.es\/hazteoir\/wp-json\/wp\/v2\/posts\/220"}],"collection":[{"href":"https:\/\/blogs.hoy.es\/hazteoir\/wp-json\/wp\/v2\/posts"}],"about":[{"href":"https:\/\/blogs.hoy.es\/hazteoir\/wp-json\/wp\/v2\/types\/post"}],"author":[{"embeddable":true,"href":"https:\/\/blogs.hoy.es\/hazteoir\/wp-json\/wp\/v2\/users\/5"}],"replies":[{"embeddable":true,"href":"https:\/\/blogs.hoy.es\/hazteoir\/wp-json\/wp\/v2\/comments?post=220"}],"version-history":[{"count":0,"href":"https:\/\/blogs.hoy.es\/hazteoir\/wp-json\/wp\/v2\/posts\/220\/revisions"}],"wp:attachment":[{"href":"https:\/\/blogs.hoy.es\/hazteoir\/wp-json\/wp\/v2\/media?parent=220"}],"wp:term":[{"taxonomy":"category","embeddable":true,"href":"https:\/\/blogs.hoy.es\/hazteoir\/wp-json\/wp\/v2\/categories?post=220"},{"taxonomy":"post_tag","embeddable":true,"href":"https:\/\/blogs.hoy.es\/hazteoir\/wp-json\/wp\/v2\/tags?post=220"}],"curies":[{"name":"wp","href":"https:\/\/api.w.org\/{rel}","templated":true}]}}