{"id":71,"date":"2006-04-26T10:46:19","date_gmt":"2006-04-26T10:46:19","guid":{"rendered":"http:\/\/blogs.hoy.es\/hazteoir\/?p=71"},"modified":"2006-04-26T10:46:19","modified_gmt":"2006-04-26T10:46:19","slug":"en-badajoz-hablamos-portugues","status":"publish","type":"post","link":"https:\/\/blogs.hoy.es\/hazteoir\/2006\/04\/26\/en-badajoz-hablamos-portugues\/","title":{"rendered":"En Badajoz no hablamos portugu\u00e9s"},"content":{"rendered":"<p>Un redactor del diario Hoy acompa\u00f1a a otro periodista portugu\u00e9s de compras por las principales zonas comerciales de Badajoz y resulta que en casi ninguna&nbsp;de las tiendas hay alguien capaz de hablar portugu\u00e9s con un&nbsp;cliente tan habitual en nuestros comercios.<\/p>\n<!-- AddThis Advanced Settings generic via filter on the_content --><!-- AddThis Share Buttons generic via filter on the_content -->","protected":false},"excerpt":{"rendered":"<p>Un redactor del diario Hoy acompa\u00f1a a otro periodista portugu\u00e9s de compras por las principales zonas comerciales de Badajoz y resulta que en casi ninguna&nbsp;de las tiendas hay alguien capaz de hablar portugu\u00e9s con un&nbsp;cliente tan habitual en nuestros comercios.<!-- AddThis Advanced Settings generic via filter on get_the_excerpt --><!-- AddThis Share Buttons generic via filter on get_the_excerpt --><\/p>\n","protected":false},"author":5,"featured_media":0,"comment_status":"open","ping_status":"closed","sticky":false,"template":"","format":"standard","meta":[],"categories":[2],"tags":[],"_links":{"self":[{"href":"https:\/\/blogs.hoy.es\/hazteoir\/wp-json\/wp\/v2\/posts\/71"}],"collection":[{"href":"https:\/\/blogs.hoy.es\/hazteoir\/wp-json\/wp\/v2\/posts"}],"about":[{"href":"https:\/\/blogs.hoy.es\/hazteoir\/wp-json\/wp\/v2\/types\/post"}],"author":[{"embeddable":true,"href":"https:\/\/blogs.hoy.es\/hazteoir\/wp-json\/wp\/v2\/users\/5"}],"replies":[{"embeddable":true,"href":"https:\/\/blogs.hoy.es\/hazteoir\/wp-json\/wp\/v2\/comments?post=71"}],"version-history":[{"count":0,"href":"https:\/\/blogs.hoy.es\/hazteoir\/wp-json\/wp\/v2\/posts\/71\/revisions"}],"wp:attachment":[{"href":"https:\/\/blogs.hoy.es\/hazteoir\/wp-json\/wp\/v2\/media?parent=71"}],"wp:term":[{"taxonomy":"category","embeddable":true,"href":"https:\/\/blogs.hoy.es\/hazteoir\/wp-json\/wp\/v2\/categories?post=71"},{"taxonomy":"post_tag","embeddable":true,"href":"https:\/\/blogs.hoy.es\/hazteoir\/wp-json\/wp\/v2\/tags?post=71"}],"curies":[{"name":"wp","href":"https:\/\/api.w.org\/{rel}","templated":true}]}}