{"id":126,"date":"2016-09-27T19:55:35","date_gmt":"2016-09-27T17:55:35","guid":{"rendered":"http:\/\/blogs.hoy.es\/juanma-zamorano\/?p=126"},"modified":"2016-09-27T19:55:35","modified_gmt":"2016-09-27T17:55:35","slug":"que-son-los-fisalis","status":"publish","type":"post","link":"https:\/\/blogs.hoy.es\/juanma-zamorano\/2016\/09\/27\/que-son-los-fisalis\/","title":{"rendered":"\u00bfQu\u00e9 son los f\u00edsalis?"},"content":{"rendered":"<p>Juanma Zamorano nos pregunta \u00bfQu\u00e9 son los f\u00edsalis? Es una fruta originaria de Sudam\u00e9rica, m\u00e1s concretamente de las zonas m\u00e1s c\u00e1lidas. A Europa lleg\u00f3 tras el descubrimiento de Am\u00e9rica. Su cultivo se ha extendido a Sud\u00e1frica, Colombia, Per\u00fa y Espa\u00f1a. Los f\u00edsalis son considerados como fruta ex\u00f3tica y se suele utilizar para elaborar yogures y helados. Su alto contenido en pectina lo hacen ideal para elaborar salsas y mermeladas. Tambi\u00e9n se pueden comer solos y en zumos.<\/p>\n<p><!-- Start of Brightcove Player --><\/p>\n<div style=\"display:none\">\n<\/div>\n<p><!--\nBy use of this code snippet, I agree to the Brightcove Publisher T and C \nfound at https:\/\/accounts.brightcove.com\/en\/terms-and-conditions\/. \n--><\/p>\n<p><script language=\"JavaScript\" type=\"text\/javascript\" src=\"\/\/admin.brightcove.com\/js\/BrightcoveExperiences.js\"><\/script><\/p>\n<p><object id=\"myExperience5118020468001\" class=\"BrightcoveExperience\"><param name=\"bgcolor\" value=\"#FFFFFF\" \/><param name=\"width\" value=\"640\" \/><param name=\"height\" value=\"360\" \/><param name=\"playerID\" value=\"4223015933001\" \/><param name=\"playerKey\" value=\"AQ~~,AAAAE_Nrnlk~,nvezczbcIbE0khC6NW3gOWY7jXADghz_\" \/><param name=\"isVid\" value=\"true\" \/><param name=\"isUI\" value=\"true\" \/><param name=\"dynamicStreaming\" value=\"true\" \/><param name=\"@videoPlayer\" value=\"5118020468001\" \/><\/object><\/p>\n<p><!-- \nThis script tag will cause the Brightcove Players defined above it to be created as soon\nas the line is read by the browser. If you wish to have the player instantiated only after\nthe rest of the HTML is processed and the page load is complete, remove the line.\n--><br \/>\n<script type=\"text\/javascript\">brightcove.createExperiences();<\/script><\/p>\n<p><!-- End of Brightcove Player --><\/p>\n<!-- AddThis Advanced Settings generic via filter on the_content --><!-- AddThis Share Buttons generic via filter on the_content -->","protected":false},"excerpt":{"rendered":"<p>Juanma Zamorano nos pregunta \u00bfQu\u00e9 son los f\u00edsalis? Es una fruta originaria de Sudam\u00e9rica, m\u00e1s concretamente de las zonas m\u00e1s c\u00e1lidas. A Europa lleg\u00f3 tras el descubrimiento de Am\u00e9rica. Su cultivo se ha extendido a Sud\u00e1frica, Colombia, Per\u00fa y Espa\u00f1a. Los f\u00edsalis son considerados como fruta ex\u00f3tica y se suele utilizar para elaborar yogures y [&hellip;]<!-- AddThis Advanced Settings generic via filter on get_the_excerpt --><!-- AddThis Share Buttons generic via filter on get_the_excerpt --><\/p>\n","protected":false},"author":132,"featured_media":0,"comment_status":"open","ping_status":"closed","sticky":false,"template":"","format":"standard","meta":[],"categories":[5],"tags":[],"_links":{"self":[{"href":"https:\/\/blogs.hoy.es\/juanma-zamorano\/wp-json\/wp\/v2\/posts\/126"}],"collection":[{"href":"https:\/\/blogs.hoy.es\/juanma-zamorano\/wp-json\/wp\/v2\/posts"}],"about":[{"href":"https:\/\/blogs.hoy.es\/juanma-zamorano\/wp-json\/wp\/v2\/types\/post"}],"author":[{"embeddable":true,"href":"https:\/\/blogs.hoy.es\/juanma-zamorano\/wp-json\/wp\/v2\/users\/132"}],"replies":[{"embeddable":true,"href":"https:\/\/blogs.hoy.es\/juanma-zamorano\/wp-json\/wp\/v2\/comments?post=126"}],"version-history":[{"count":0,"href":"https:\/\/blogs.hoy.es\/juanma-zamorano\/wp-json\/wp\/v2\/posts\/126\/revisions"}],"wp:attachment":[{"href":"https:\/\/blogs.hoy.es\/juanma-zamorano\/wp-json\/wp\/v2\/media?parent=126"}],"wp:term":[{"taxonomy":"category","embeddable":true,"href":"https:\/\/blogs.hoy.es\/juanma-zamorano\/wp-json\/wp\/v2\/categories?post=126"},{"taxonomy":"post_tag","embeddable":true,"href":"https:\/\/blogs.hoy.es\/juanma-zamorano\/wp-json\/wp\/v2\/tags?post=126"}],"curies":[{"name":"wp","href":"https:\/\/api.w.org\/{rel}","templated":true}]}}