{"id":37,"date":"2015-08-12T08:32:37","date_gmt":"2015-08-12T06:32:37","guid":{"rendered":"http:\/\/blogs.hoy.es\/juanma-zamorano\/?p=37"},"modified":"2015-08-12T08:32:37","modified_gmt":"2015-08-12T06:32:37","slug":"melon-relleno-de-ensalada","status":"publish","type":"post","link":"https:\/\/blogs.hoy.es\/juanma-zamorano\/2015\/08\/12\/melon-relleno-de-ensalada\/","title":{"rendered":"Mel\u00f3n relleno de ensalada"},"content":{"rendered":"<p>El cocinero cacere\u00f1o, Juanma Zamorano, nos ense\u00f1a a preparar un refrescante mel\u00f3n relleno de ensalada<\/p>\n<p><object id=\"flashObj\" width=\"640\" height=\"360\" classid=\"clsid:d27cdb6e-ae6d-11cf-96b8-444553540000\" codebase=\"http:\/\/download.macromedia.com\/pub\/shockwave\/cabs\/flash\/swflash.cab#version=6,0,40,0\"><param name=\"flashVars\" value=\"@videoPlayer=4402890036001&#038;playerID=4223015933001&#038;playerKey=AQ~~,AAAAE_Nrnlk~,nvezczbcIbE0khC6NW3gOWY7jXADghz_&#038;domain=embed&#038;dynamicStreaming=true\" \/><param name=\"base\" value=\"http:\/\/admin.brightcove.com\" \/><param name=\"seamlesstabbing\" value=\"false\" \/><param name=\"allowFullScreen\" value=\"true\" \/><param name=\"swLiveConnect\" value=\"true\" \/><param name=\"allowScriptAccess\" value=\"always\" \/><param name=\"src\" value=\"http:\/\/c.brightcove.com\/services\/viewer\/federated_f9?isVid=1&#038;isUI=1\" \/><param name=\"flashvars\" value=\"@videoPlayer=4402890036001&#038;playerID=4223015933001&#038;playerKey=AQ~~,AAAAE_Nrnlk~,nvezczbcIbE0khC6NW3gOWY7jXADghz_&#038;domain=embed&#038;dynamicStreaming=true\" \/><param name=\"allowfullscreen\" value=\"true\" \/><param name=\"allowscriptaccess\" value=\"always\" \/><param name=\"swliveconnect\" value=\"true\" \/><param name=\"pluginspage\" value=\"http:\/\/www.macromedia.com\/shockwave\/download\/index.cgi?P1_Prod_Version=ShockwaveFlash\" \/><embed id=\"flashObj\" width=\"640\" height=\"360\" type=\"application\/x-shockwave-flash\" src=\"\/\/c.brightcove.com\/services\/viewer\/federated_f9?isVid=1&#038;isUI=1\" flashVars=\"@videoPlayer=4402890036001&#038;playerID=4223015933001&#038;playerKey=AQ~~,AAAAE_Nrnlk~,nvezczbcIbE0khC6NW3gOWY7jXADghz_&#038;domain=embed&#038;dynamicStreaming=true\" base=\"http:\/\/admin.brightcove.com\" seamlesstabbing=\"false\" allowFullScreen=\"true\" swLiveConnect=\"true\" allowScriptAccess=\"always\" flashvars=\"@videoPlayer=4402890036001&#038;playerID=4223015933001&#038;playerKey=AQ~~,AAAAE_Nrnlk~,nvezczbcIbE0khC6NW3gOWY7jXADghz_&#038;domain=embed&#038;dynamicStreaming=true\" allowfullscreen=\"true\" allowscriptaccess=\"always\" swliveconnect=\"true\" pluginspage=\"http:\/\/www.macromedia.com\/shockwave\/download\/index.cgi?P1_Prod_Version=ShockwaveFlash\" \/><\/object><\/p>\n<!-- AddThis Advanced Settings generic via filter on the_content --><!-- AddThis Share Buttons generic via filter on the_content -->","protected":false},"excerpt":{"rendered":"<p>El cocinero cacere\u00f1o, Juanma Zamorano, nos ense\u00f1a a preparar un refrescante mel\u00f3n relleno de ensalada<!-- AddThis Advanced Settings generic via filter on get_the_excerpt --><!-- AddThis Share Buttons generic via filter on get_the_excerpt --><\/p>\n","protected":false},"author":3,"featured_media":0,"comment_status":"open","ping_status":"closed","sticky":false,"template":"","format":"standard","meta":[],"categories":[5],"tags":[],"_links":{"self":[{"href":"https:\/\/blogs.hoy.es\/juanma-zamorano\/wp-json\/wp\/v2\/posts\/37"}],"collection":[{"href":"https:\/\/blogs.hoy.es\/juanma-zamorano\/wp-json\/wp\/v2\/posts"}],"about":[{"href":"https:\/\/blogs.hoy.es\/juanma-zamorano\/wp-json\/wp\/v2\/types\/post"}],"author":[{"embeddable":true,"href":"https:\/\/blogs.hoy.es\/juanma-zamorano\/wp-json\/wp\/v2\/users\/3"}],"replies":[{"embeddable":true,"href":"https:\/\/blogs.hoy.es\/juanma-zamorano\/wp-json\/wp\/v2\/comments?post=37"}],"version-history":[{"count":0,"href":"https:\/\/blogs.hoy.es\/juanma-zamorano\/wp-json\/wp\/v2\/posts\/37\/revisions"}],"wp:attachment":[{"href":"https:\/\/blogs.hoy.es\/juanma-zamorano\/wp-json\/wp\/v2\/media?parent=37"}],"wp:term":[{"taxonomy":"category","embeddable":true,"href":"https:\/\/blogs.hoy.es\/juanma-zamorano\/wp-json\/wp\/v2\/categories?post=37"},{"taxonomy":"post_tag","embeddable":true,"href":"https:\/\/blogs.hoy.es\/juanma-zamorano\/wp-json\/wp\/v2\/tags?post=37"}],"curies":[{"name":"wp","href":"https:\/\/api.w.org\/{rel}","templated":true}]}}