{"id":105,"date":"2012-05-28T10:29:54","date_gmt":"2012-05-28T10:29:54","guid":{"rendered":"http:\/\/blogs.hoy.es\/juegosdeninos\/?p=105"},"modified":"2012-05-28T10:29:54","modified_gmt":"2012-05-28T10:29:54","slug":"no-quiero-que-crezca","status":"publish","type":"post","link":"https:\/\/blogs.hoy.es\/juegosdeninos\/2012\/05\/28\/no-quiero-que-crezca\/","title":{"rendered":"\u00a1No quiero que crezca!"},"content":{"rendered":"<div id=\"attachment_106\" style=\"width: 210px\" class=\"wp-caption aligncenter\"><a href=\"\/juegosdeninos\/wp-content\/uploads\/sites\/27\/2012\/05\/mamanene.jpg\"><img aria-describedby=\"caption-attachment-106\" loading=\"lazy\" class=\"size-medium wp-image-106\" title=\"crecer\" src=\"\/juegosdeninos\/wp-content\/uploads\/sites\/27\/2012\/05\/mamanene.jpg\" alt=\"crecer\" width=\"200\" height=\"300\" srcset=\"https:\/\/static-blogs.hoy.es\/wp-content\/uploads\/sites\/27\/2012\/05\/mamanene.jpg 2574w, https:\/\/static-blogs.hoy.es\/wp-content\/uploads\/sites\/27\/2012\/05\/mamanene-200x300.jpg 200w, https:\/\/static-blogs.hoy.es\/wp-content\/uploads\/sites\/27\/2012\/05\/mamanene-768x1152.jpg 768w, https:\/\/static-blogs.hoy.es\/wp-content\/uploads\/sites\/27\/2012\/05\/mamanene-683x1024.jpg 683w\" sizes=\"(max-width: 200px) 100vw, 200px\" \/><\/a><p id=\"caption-attachment-106\" class=\"wp-caption-text\">El crecimiento de los hijos supone en ocasiones un momento de crisis para los padres<\/p><\/div>\n<p>El momento de la maternidad\/paternidad es <strong>uno de los m\u00e1s luminosos de la vida<\/strong>. No hay dos casos iguales: cada persona lo vive de una forma \u00fanica, pero todas coinciden en se\u00f1alar que la llegada de los hijos es una especie de <strong>revoluci\u00f3n positiva<\/strong> que ampl\u00eda nuestros horizontes vitales y, por lo general, saca lo mejor de nosotros mismos. Como ahora me relaciono con <strong>muchas nuevas mam\u00e1s<\/strong>, me he fijado en que no son pocas las que se lamentan de que los ni\u00f1os crezcan. Por supuesto que quieren verles sanos y haci\u00e9ndose grandes, pero les da pena que <strong>el tiempo se vaya entre los dedos<\/strong> y que se disperse esa magia de la primera infancia.<\/p>\n<p>He consultado a la educadora social <strong>Helena Guerra<\/strong>, del<a href=\"http:\/\/okola-difusion.blogspot.com.es\/\" target=\"_blank\" rel=\"external nofollow\"> gabinete Okola<\/a>, para profundizar un poco en los motivos de estos sentimientos. Me ha dado una larga y sustanciosa respuesta. En primer lugar explica las diferencias del fen\u00f3meno de la maternidad en nuestros d\u00edas al de hace unas d\u00e9cadas. &#8220;En Espa\u00f1a hace 80 a\u00f1os, los hijos eran <strong>vistos como un reemplazo<\/strong>: mano de obra para el trabajo familiar (y tambi\u00e9n bocas que alimentar) y la garant\u00eda de subsistencia de la generaci\u00f3n anciana gracias al cuidado de los hijos en un estado sin garant\u00edas de bienestar (si pod\u00e9is, volved a ver <a href=\"http:\/\/www.filmaffinity.com\/es\/film903598.html\" target=\"_blank\" rel=\"external nofollow\"><em>Novecento<\/em><\/a>)&#8221;,\u00a0 nos explica.<\/p>\n<p>Las cosas han cambiado desde entonces, cuenta Helena. &#8220;Ahora son el centro de nuestras vidas: trabajamos para que ellos tengan y accedan a todo lo que pensamos que necesitan, les aliviamos las tareas, <strong>les evitamos los sufrimientos<\/strong>\u2026 de alg\u00fan modo invertimos el proceso natural de la crianza que deber\u00eda orientarse <strong>a una autonom\u00eda progresiva<\/strong> que permitiera a nuestros hijos no solo valerse por s\u00ed mismos sino ocuparse de nosotros en nuestra vejez. La educaci\u00f3n y la protecci\u00f3n se prolongan en el tiempo, mucho m\u00e1s all\u00e1 de la edad adulta&#8221;..<\/p>\n<p>La primera separaci\u00f3n que establecemos con nuestro hijo es la rotura del cord\u00f3n umbilical. Es cierto, semanas antes de tener a mi hijo pensaba que, en efecto, nunca estar\u00edamos tan juntitos. &#8220;<strong>A medida que el beb\u00e9 y el ni\u00f1o crecen y ganan en autonom\u00eda<\/strong>, se van produciendo nuevos distanciamientos: el ni\u00f1o gana su individuaci\u00f3n alej\u00e1ndose de la madre y apropi\u00e1ndose de su cuerpo, de su espacio, de su crecimiento y de s\u00ed. Y como en toda separaci\u00f3n, hay una tristeza y<strong> es necesario hacer un duelo<\/strong>, tomar conciencia de la p\u00e9rdida y reconocer nuestros sentimientos. Cuando este duelo no se hace la pena queda&#8221;. Deduzco, de las palabras de Helena, que <strong>la tristeza es l\u00f3gica<\/strong> y hay que pasar por ese trance.<\/p>\n<div id=\"attachment_107\" style=\"width: 210px\" class=\"wp-caption aligncenter\"><a href=\"\/juegosdeninos\/wp-content\/uploads\/sites\/27\/2012\/05\/manitas.jpg\"><img aria-describedby=\"caption-attachment-107\" loading=\"lazy\" class=\"size-medium wp-image-107\" title=\"manos\" src=\"\/juegosdeninos\/wp-content\/uploads\/sites\/27\/2012\/05\/manitas.jpg\" alt=\"manos\" width=\"200\" height=\"300\" srcset=\"https:\/\/static-blogs.hoy.es\/wp-content\/uploads\/sites\/27\/2012\/05\/manitas.jpg 2574w, https:\/\/static-blogs.hoy.es\/wp-content\/uploads\/sites\/27\/2012\/05\/manitas-200x300.jpg 200w, https:\/\/static-blogs.hoy.es\/wp-content\/uploads\/sites\/27\/2012\/05\/manitas-768x1152.jpg 768w, https:\/\/static-blogs.hoy.es\/wp-content\/uploads\/sites\/27\/2012\/05\/manitas-683x1024.jpg 683w\" sizes=\"(max-width: 200px) 100vw, 200px\" \/><\/a><p id=\"caption-attachment-107\" class=\"wp-caption-text\">El crecimiento de nuestros hijos nos enfrenta a la idea del envejecimiento y la muerte<\/p><\/div>\n<p>Otro de los motivos de esta especie de s\u00edndrome de Peter Pan es la adaptaci\u00f3n a <strong>las nuevas circunstancias<\/strong>. &#8220;Otro elemento puede ser el<strong> temor al cambio<\/strong>, cada paso de una etapa a otra de la crianza requiere una adaptaci\u00f3n personal y de la vida familiar. Siempre ponen a prueba nuestras competencias y desestabilizan nuestro equilibrio, apunta Guerra. Tambi\u00e9n se\u00f1ala la sensaci\u00f3n que\u00a0 se experimenta de haber perdido la oportunidad de vivir plenamente una etapa, en ocasiones<strong> sin haberla aprovechado bien<\/strong>.<\/p>\n<p>Por \u00faltimo, esta experta cita una cuesti\u00f3n enormemente trascedente. &#8220;El crecimiento de nuestros hijos nos enfrenta a la idea del <strong>envejecimiento y la muerte.<\/strong> Ellos se desarrollan, nosotros vamos declinando, <strong>nuestros padres van envejeciendo y muriendo<\/strong>; de pronto, casi repentinamente, en estos a\u00f1os de la crianza, nos damos cuenta realmente de que en alg\u00fan momento nosotros vamos a ser la generaci\u00f3n anciana, el soporte de la familia, sin nadie que nos respalde y abocados a nuestro final&#8221;.<\/p>\n<p>Muchas ideas para reflexionar y para analizar. Muchas gracias, Helena.<\/p>\n<p>&nbsp;<\/p>\n<p>&nbsp;<\/p>\n<p>&nbsp;<\/p>\n<p>&nbsp;<\/p>\n<!-- AddThis Advanced Settings generic via filter on the_content --><!-- AddThis Share Buttons generic via filter on the_content -->","protected":false},"excerpt":{"rendered":"<p>El momento de la maternidad\/paternidad es uno de los m\u00e1s luminosos de la vida. No hay dos casos iguales: cada persona lo vive de una forma \u00fanica, pero todas coinciden en se\u00f1alar que la llegada de los hijos es una especie de revoluci\u00f3n positiva que ampl\u00eda nuestros horizontes vitales y, por lo general, saca lo [&hellip;]<!-- AddThis Advanced Settings generic via filter on get_the_excerpt --><!-- AddThis Share Buttons generic via filter on get_the_excerpt --><\/p>\n","protected":false},"author":33,"featured_media":0,"comment_status":"open","ping_status":"closed","sticky":false,"template":"","format":"standard","meta":[],"categories":[4],"tags":[83,105,109,289,296,321],"_links":{"self":[{"href":"https:\/\/blogs.hoy.es\/juegosdeninos\/wp-json\/wp\/v2\/posts\/105"}],"collection":[{"href":"https:\/\/blogs.hoy.es\/juegosdeninos\/wp-json\/wp\/v2\/posts"}],"about":[{"href":"https:\/\/blogs.hoy.es\/juegosdeninos\/wp-json\/wp\/v2\/types\/post"}],"author":[{"embeddable":true,"href":"https:\/\/blogs.hoy.es\/juegosdeninos\/wp-json\/wp\/v2\/users\/33"}],"replies":[{"embeddable":true,"href":"https:\/\/blogs.hoy.es\/juegosdeninos\/wp-json\/wp\/v2\/comments?post=105"}],"version-history":[{"count":0,"href":"https:\/\/blogs.hoy.es\/juegosdeninos\/wp-json\/wp\/v2\/posts\/105\/revisions"}],"wp:attachment":[{"href":"https:\/\/blogs.hoy.es\/juegosdeninos\/wp-json\/wp\/v2\/media?parent=105"}],"wp:term":[{"taxonomy":"category","embeddable":true,"href":"https:\/\/blogs.hoy.es\/juegosdeninos\/wp-json\/wp\/v2\/categories?post=105"},{"taxonomy":"post_tag","embeddable":true,"href":"https:\/\/blogs.hoy.es\/juegosdeninos\/wp-json\/wp\/v2\/tags?post=105"}],"curies":[{"name":"wp","href":"https:\/\/api.w.org\/{rel}","templated":true}]}}