{"id":110,"date":"2012-05-31T10:46:24","date_gmt":"2012-05-31T10:46:24","guid":{"rendered":"http:\/\/blogs.hoy.es\/juegosdeninos\/?p=110"},"modified":"2012-05-31T10:46:24","modified_gmt":"2012-05-31T10:46:24","slug":"los-peques-se-van-de-fiesta","status":"publish","type":"post","link":"https:\/\/blogs.hoy.es\/juegosdeninos\/2012\/05\/31\/los-peques-se-van-de-fiesta\/","title":{"rendered":"Los peques se van de fiesta"},"content":{"rendered":"<div id=\"attachment_111\" style=\"width: 310px\" class=\"wp-caption aligncenter\"><a href=\"\/juegosdeninos\/wp-content\/uploads\/sites\/27\/2012\/05\/algod%C3%B3n.jpg\"><img aria-describedby=\"caption-attachment-111\" loading=\"lazy\" class=\"size-medium wp-image-111\" title=\"algod\u00f3n\" src=\"\/juegosdeninos\/wp-content\/uploads\/sites\/27\/2012\/05\/algod%C3%B3n.jpg\" alt=\"algod\u00f3n\" width=\"300\" height=\"200\" \/><\/a><p id=\"caption-attachment-111\" class=\"wp-caption-text\">El algod\u00f3n dulce, un cl\u00e1sico de las Fiestas. Foto: Lorenzo Cordero<\/p><\/div>\n<p>\u00a1Alegr\u00eda y alboroto, <strong>estamos de fiesta en C\u00e1ceres<\/strong>! Durante cinco d\u00edas la ciudad tira la casa por la ventana, olvid\u00e1ndose de las cosas chungas que nos rodean. Este a\u00f1o se ha programado con poca pasta, la crisis obliga. El caso es que la Feria ofrece bastantes opciones de ocio para los peque\u00f1ajos durante estos d\u00edas. El<strong> ambiente es populachero<\/strong>, un pel\u00edn cutre, s\u00ed, pero tambi\u00e9n colorista y m\u00e1gico.<\/p>\n<p>Para empezar, las<strong> atracciones<\/strong>, en el Recinto Ferial. Aqu\u00ed las llaman cacharritos. Cuestan entre <strong>2,5 y 3 euros<\/strong>. El d\u00eda de la inauguraci\u00f3n, o sea ayer, fue el D\u00eda del Ni\u00f1o y hubo descuentos. El tiempo de duraci\u00f3n depende del humor de los due\u00f1os de esos chismes, o del p\u00fablico que haya.\u00a0 Hay un poco de todo, desde los <strong>coches de choque peque\u00f1itos<\/strong> hasta castillos hinchables. O el tren de la bruja. Hay que tener mucho cuidado con el tipo de atracciones, comprobar los anclajes y los <strong>sistemas de seguridad<\/strong> y no adelantarse. Si los ni\u00f1os son muy peque\u00f1os, mejor esperar al a\u00f1o que viene. En la mayor\u00eda de estos aparatos pone la edad m\u00ednima para disfrutarlos.<\/p>\n<p>La Feria tiene todas esas cosas que a los enanillos les molan: algod\u00f3n dulce (2 euros la unidad), manzanas de caramelo, peluches enormes en las t\u00f3mbolas (5 euros el de Bob Esponja, me cuenta mi contacto en la feria), globos gigantes. Mucha animaci\u00f3n y mucho ruido. Si son beb\u00e9s tal vez se agobien&#8230;\u00a1o puede que les encante! Suele haber<strong> sablazos por doquier<\/strong>, as\u00ed que mejor no cortarse, preguntar los precios e intentar dosificar el dinero.<\/p>\n<p>El d\u00eda <strong>3 de junio<\/strong> en la <strong>Caseta Municipal<\/strong> hay una fiesta dedicada a los ni\u00f1os. Empieza a las 12,30 y contar\u00e1 con un espect\u00e1culo de payasos y un dj.<\/p>\n<div id=\"attachment_114\" style=\"width: 228px\" class=\"wp-caption aligncenter\"><a href=\"\/juegosdeninos\/wp-content\/uploads\/sites\/27\/2012\/05\/Chicharin.jpg\"><img aria-describedby=\"caption-attachment-114\" loading=\"lazy\" class=\"size-medium wp-image-114\" title=\"Chicharin\" src=\"\/juegosdeninos\/wp-content\/uploads\/sites\/27\/2012\/05\/Chicharin.jpg\" alt=\"Chicharin\" width=\"218\" height=\"300\" srcset=\"https:\/\/static-blogs.hoy.es\/wp-content\/uploads\/sites\/27\/2012\/05\/Chicharin.jpg 1632w, https:\/\/static-blogs.hoy.es\/wp-content\/uploads\/sites\/27\/2012\/05\/Chicharin-219x300.jpg 219w, https:\/\/static-blogs.hoy.es\/wp-content\/uploads\/sites\/27\/2012\/05\/Chicharin-768x1053.jpg 768w, https:\/\/static-blogs.hoy.es\/wp-content\/uploads\/sites\/27\/2012\/05\/Chicharin-747x1024.jpg 747w\" sizes=\"(max-width: 218px) 100vw, 218px\" \/><\/a><p id=\"caption-attachment-114\" class=\"wp-caption-text\">El payaso Chichar\u00edn da vida a peluches en el Gran Circo Mundial. Foto: Armando M\u00e9ndez<\/p><\/div>\n<p>Este a\u00f1o tambi\u00e9n tenemos <strong>circo<\/strong>. Ayer estuve en la rueda de prensa y fue la cosa m\u00e1s surrealista e increible que he visto en mucho tiempo. Acudi\u00f3 el payaso mexicano <strong>Chichar\u00ed<\/strong>n, que nos ofreci\u00f3 una pildora de su espect\u00e1culo. Peluches aparentemente inertes cobran vida propia, por obra y gracia de los perros amaestrados que van dentro. Extra\u00f1o, extra\u00f1o, pero sorprendente. Es uno de los n\u00fameros que llenan las <strong>dos horas de espect\u00e1culo<\/strong> del <a href=\"http:\/\/www.grancircomundial.com\/\" target=\"_blank\" rel=\"external nofollow\">Gran Circo Mundial<\/a>. Los circos tienen una enorme losa encima: ha habido mucha cr\u00edtica con el tema de los animales. Por otro lado, ha habido circos tan cochambrosos que mucha gente no se f\u00eda. \u00c9ste ha tenido muchos premios, entre otros el de la <strong>Medalla de Oro de Bellas Artes<\/strong>. Hoy jueves y el viernes la cita es a las 18,15 y a las 20,30. El s\u00e1bado es a las 18,00 y a las 20,15. El domingo, a las 11 de la ma\u00f1ana, a las 18,00 y a las 20,15.<\/p>\n<p>Dentro de la ciudad tambi\u00e9n hay cosas para <strong>entretener a los peque\u00f1uelos<\/strong>. En el Paseo de C\u00e1novas hay marionetas. <strong>El viernes 1 y el s\u00e1bado 2 de junio a las 12,00<\/strong> estar\u00e1n los personajes del <a href=\"http:\/\/www.maesevillarejo.com\/\" target=\"_blank\" rel=\"external nofollow\">Maestro Villarejo<\/a>: Gorgorito y la bruja Ciriaca. El <strong>domingo 3<\/strong> tambi\u00e9n a las 12,00 se podr\u00e1 disfrutar de las marionetas de <a href=\"http:\/\/www.peneque.com\/\" target=\"_blank\" rel=\"external nofollow\">Peneque el Valiente<\/a>.<\/p>\n<p>Ma\u00f1ana es <strong>festivo en la ciudad<\/strong>. Por lo tanto, un largo puente y m\u00e1s tiempo libre para disfrutar en familia. Os guste la Feria o no, seguro que encontr\u00e1is cosas que hacer. Tendremos solete y buen tiempo. \u00a1A vivir!<\/p>\n<p>&nbsp;<\/p>\n<!-- AddThis Advanced Settings generic via filter on the_content --><!-- AddThis Share Buttons generic via filter on the_content -->","protected":false},"excerpt":{"rendered":"<p>\u00a1Alegr\u00eda y alboroto, estamos de fiesta en C\u00e1ceres! Durante cinco d\u00edas la ciudad tira la casa por la ventana, olvid\u00e1ndose de las cosas chungas que nos rodean. Este a\u00f1o se ha programado con poca pasta, la crisis obliga. El caso es que la Feria ofrece bastantes opciones de ocio para los peque\u00f1ajos durante estos d\u00edas. [&hellip;]<!-- AddThis Advanced Settings generic via filter on get_the_excerpt --><!-- AddThis Share Buttons generic via filter on get_the_excerpt --><\/p>\n","protected":false},"author":33,"featured_media":0,"comment_status":"open","ping_status":"closed","sticky":false,"template":"","format":"standard","meta":[],"categories":[7],"tags":[16,27,55,62,132,190,234],"_links":{"self":[{"href":"https:\/\/blogs.hoy.es\/juegosdeninos\/wp-json\/wp\/v2\/posts\/110"}],"collection":[{"href":"https:\/\/blogs.hoy.es\/juegosdeninos\/wp-json\/wp\/v2\/posts"}],"about":[{"href":"https:\/\/blogs.hoy.es\/juegosdeninos\/wp-json\/wp\/v2\/types\/post"}],"author":[{"embeddable":true,"href":"https:\/\/blogs.hoy.es\/juegosdeninos\/wp-json\/wp\/v2\/users\/33"}],"replies":[{"embeddable":true,"href":"https:\/\/blogs.hoy.es\/juegosdeninos\/wp-json\/wp\/v2\/comments?post=110"}],"version-history":[{"count":0,"href":"https:\/\/blogs.hoy.es\/juegosdeninos\/wp-json\/wp\/v2\/posts\/110\/revisions"}],"wp:attachment":[{"href":"https:\/\/blogs.hoy.es\/juegosdeninos\/wp-json\/wp\/v2\/media?parent=110"}],"wp:term":[{"taxonomy":"category","embeddable":true,"href":"https:\/\/blogs.hoy.es\/juegosdeninos\/wp-json\/wp\/v2\/categories?post=110"},{"taxonomy":"post_tag","embeddable":true,"href":"https:\/\/blogs.hoy.es\/juegosdeninos\/wp-json\/wp\/v2\/tags?post=110"}],"curies":[{"name":"wp","href":"https:\/\/api.w.org\/{rel}","templated":true}]}}