{"id":126,"date":"2012-06-21T10:49:47","date_gmt":"2012-06-21T10:49:47","guid":{"rendered":"http:\/\/blogs.hoy.es\/juegosdeninos\/?p=126"},"modified":"2012-06-21T10:49:47","modified_gmt":"2012-06-21T10:49:47","slug":"lugares-para-el-respiro-familiar","status":"publish","type":"post","link":"https:\/\/blogs.hoy.es\/juegosdeninos\/2012\/06\/21\/lugares-para-el-respiro-familiar\/","title":{"rendered":"Lugares para el respiro familiar"},"content":{"rendered":"<div id=\"attachment_127\" style=\"width: 310px\" class=\"wp-caption aligncenter\"><a href=\"\/juegosdeninos\/wp-content\/uploads\/sites\/27\/2012\/06\/ludoteca.jpg\"><img aria-describedby=\"caption-attachment-127\" loading=\"lazy\" class=\"size-medium wp-image-127\" title=\"Ludoteca\" src=\"\/juegosdeninos\/wp-content\/uploads\/sites\/27\/2012\/06\/ludoteca.jpg\" alt=\"Ludoteca\" width=\"300\" height=\"224\" srcset=\"https:\/\/static-blogs.hoy.es\/wp-content\/uploads\/sites\/27\/2012\/06\/ludoteca.jpg 1792w, https:\/\/static-blogs.hoy.es\/wp-content\/uploads\/sites\/27\/2012\/06\/ludoteca-300x225.jpg 300w, https:\/\/static-blogs.hoy.es\/wp-content\/uploads\/sites\/27\/2012\/06\/ludoteca-768x576.jpg 768w, https:\/\/static-blogs.hoy.es\/wp-content\/uploads\/sites\/27\/2012\/06\/ludoteca-1024x768.jpg 1024w\" sizes=\"(max-width: 300px) 100vw, 300px\" \/><\/a><p id=\"caption-attachment-127\" class=\"wp-caption-text\">Marian y Francis son educadores sociales, pap\u00e1s y emprendedores<\/p><\/div>\n<p>Da gusto, en tiempos como estos (no dir\u00e9 &#8220;con la que est\u00e1 cayendo&#8221; porque la expresi\u00f3n est\u00e1 ya demasiado sobada y me da no se qu\u00e9), entrar en contacto con gente <strong>que no tiene miedo a emprender<\/strong>. Esta ma\u00f1ana he estado con <strong>Marian y Francis<\/strong>, dos j\u00f3venes pap\u00e1s y educadores sociales que han abierto <strong>&#8216;Liceo&#8217;<\/strong>, un centro pedag\u00f3gico en la <strong>calle Londres, frente al Colegio Licenciados<\/strong>. Tienen muchas ideas, y estos primeros meses les servir\u00e1n para estar atentos a las demandas de su clientes y ofrecer todos los servicios que necesiten. Integran en un solo espacio educaci\u00f3n y ocio. Es un poco parque infantil, pero tambi\u00e9n aula educativa. En la ciudad hay m\u00e1s oferta (<a href=\"http:\/\/www.educacaceres.com\/\" target=\"_blank\" rel=\"external nofollow\">Educa<\/a>, <a href=\"http:\/\/www.paginasamarillas.es\/fichas\/ig\/angelitos_217696350_000000001.html\" target=\"_blank\" rel=\"external nofollow\">Angelitos<\/a>, <a href=\"http:\/\/www.vulka.es\/empresa\/el-pais-de-ni_591986.html\" target=\"_blank\" rel=\"external nofollow\">El Pa\u00eds de Ni<\/a>&#8230;)\u00a0 para cubrir estas necesidades, aunque ellos han hecho un estudio de mercado y han comprobado que tienen espacio y que la zona en la que est\u00e1n ubicados es \u00f3ptima. El sitio me ha parecido <strong>muy completo<\/strong> y las instalaciones muy amplias y limpias. Y a ellos se les ve con muchas ganas.<\/p>\n<p>La franja de edad abarca desde los <strong>3 a los 12 a\u00f1os<\/strong>. Ofrecen apoyo escolar, servicios de conciliaci\u00f3n, talleres l\u00fadico-creativos o animaci\u00f3n a la lectura. Utilizan su espacio tambi\u00e9n para la <strong>celebraci\u00f3n de cumples<\/strong>\u00a0 y se desplazan a donde sea para amenizar fiestas infantiles. Est\u00e1n abiertos a todo tipo de propuestas.\u00a0Como tienen el Centro Comercial Ruta de la Plata tan cerca quieren servir tambi\u00e9n como recurso para que los padres hagan las compras con tranquilidad.<\/p>\n<p>Huyen del concepto de lugar <strong>&#8220;aparca-ni\u00f1os&#8221;<\/strong>. &#8220;Nos gustar\u00eda que fuera un sitio al que los ni\u00f1os vengan a pas\u00e1rselo bien, que nos conozcan&#8221;. Abren ficha de cada ni\u00f1o que entran y se entrevistan con los padres para que la atenci\u00f3n sea personalizada. Cuentan que han adaptado los precios a la situaci\u00f3n actual, y que hay descuentos para familias numerosas o para varios hermanos. Para este verano han organizado un <strong>campamento<\/strong> basado en la <strong>inteligencia emocional<\/strong>. Os dejo su correo electr\u00f3nico por si quer\u00e9is recabar m\u00e1s informaci\u00f3n: liceoinfantilcaceres@hotmail.com<\/p>\n<p>&nbsp;<\/p>\n<!-- AddThis Advanced Settings generic via filter on the_content --><!-- AddThis Share Buttons generic via filter on the_content -->","protected":false},"excerpt":{"rendered":"<p>Da gusto, en tiempos como estos (no dir\u00e9 &#8220;con la que est\u00e1 cayendo&#8221; porque la expresi\u00f3n est\u00e1 ya demasiado sobada y me da no se qu\u00e9), entrar en contacto con gente que no tiene miedo a emprender. Esta ma\u00f1ana he estado con Marian y Francis, dos j\u00f3venes pap\u00e1s y educadores sociales que han abierto &#8216;Liceo&#8217;, [&hellip;]<!-- AddThis Advanced Settings generic via filter on get_the_excerpt --><!-- AddThis Share Buttons generic via filter on get_the_excerpt --><\/p>\n","protected":false},"author":33,"featured_media":0,"comment_status":"open","ping_status":"closed","sticky":false,"template":"","format":"standard","meta":[],"categories":[7],"tags":[22,29,47,114,229],"_links":{"self":[{"href":"https:\/\/blogs.hoy.es\/juegosdeninos\/wp-json\/wp\/v2\/posts\/126"}],"collection":[{"href":"https:\/\/blogs.hoy.es\/juegosdeninos\/wp-json\/wp\/v2\/posts"}],"about":[{"href":"https:\/\/blogs.hoy.es\/juegosdeninos\/wp-json\/wp\/v2\/types\/post"}],"author":[{"embeddable":true,"href":"https:\/\/blogs.hoy.es\/juegosdeninos\/wp-json\/wp\/v2\/users\/33"}],"replies":[{"embeddable":true,"href":"https:\/\/blogs.hoy.es\/juegosdeninos\/wp-json\/wp\/v2\/comments?post=126"}],"version-history":[{"count":0,"href":"https:\/\/blogs.hoy.es\/juegosdeninos\/wp-json\/wp\/v2\/posts\/126\/revisions"}],"wp:attachment":[{"href":"https:\/\/blogs.hoy.es\/juegosdeninos\/wp-json\/wp\/v2\/media?parent=126"}],"wp:term":[{"taxonomy":"category","embeddable":true,"href":"https:\/\/blogs.hoy.es\/juegosdeninos\/wp-json\/wp\/v2\/categories?post=126"},{"taxonomy":"post_tag","embeddable":true,"href":"https:\/\/blogs.hoy.es\/juegosdeninos\/wp-json\/wp\/v2\/tags?post=126"}],"curies":[{"name":"wp","href":"https:\/\/api.w.org\/{rel}","templated":true}]}}