{"id":134,"date":"2012-07-02T16:42:24","date_gmt":"2012-07-02T16:42:24","guid":{"rendered":"http:\/\/blogs.hoy.es\/juegosdeninos\/?p=134"},"modified":"2012-07-02T16:42:24","modified_gmt":"2012-07-02T16:42:24","slug":"de-trapitos-y-tiendas","status":"publish","type":"post","link":"https:\/\/blogs.hoy.es\/juegosdeninos\/2012\/07\/02\/de-trapitos-y-tiendas\/","title":{"rendered":"De trapitos y tiendas"},"content":{"rendered":"<div id=\"attachment_135\" style=\"width: 310px\" class=\"wp-caption aligncenter\"><a href=\"\/juegosdeninos\/wp-content\/uploads\/sites\/27\/2012\/07\/rebajas.jpg\"><img aria-describedby=\"caption-attachment-135\" loading=\"lazy\" class=\"size-medium wp-image-135\" title=\"Las rebajas tambi\u00e9n son para ni\u00f1os\" src=\"\/juegosdeninos\/wp-content\/uploads\/sites\/27\/2012\/07\/rebajas.jpg\" alt=\"Las rebajas tambi\u00e9n son para ni\u00f1os\" width=\"300\" height=\"200\" srcset=\"https:\/\/static-blogs.hoy.es\/wp-content\/uploads\/sites\/27\/2012\/07\/rebajas.jpg 2592w, https:\/\/static-blogs.hoy.es\/wp-content\/uploads\/sites\/27\/2012\/07\/rebajas-300x200.jpg 300w, https:\/\/static-blogs.hoy.es\/wp-content\/uploads\/sites\/27\/2012\/07\/rebajas-768x512.jpg 768w, https:\/\/static-blogs.hoy.es\/wp-content\/uploads\/sites\/27\/2012\/07\/rebajas-1024x683.jpg 1024w\" sizes=\"(max-width: 300px) 100vw, 300px\" \/><\/a><p id=\"caption-attachment-135\" class=\"wp-caption-text\">Tiendas grandes y peque\u00f1as ofrecen buenas oportunidades. Foto: Join Us C\u00e1ceres. MARISA N\u00da\u00d1EZ<\/p><\/div>\n<p>El 1 de julio, aparte del inicio oficial del verano, llegan las <strong>rebajas de verano<\/strong>. Ya he contado por ah\u00ed que aunque ten\u00eda intenci\u00f3n de salir a comprar algo, cuando revis\u00e9 el armario y vi la cantidad de cosas compradas y poco puestas, se me quitaron las ganas. La mala conciencia gan\u00f3. Aprovechando que las tiendas est\u00e1n que lo tiran, he reflexionado sobre la ropa que compramos a nuestros beb\u00e9s y ni\u00f1os. En las tiendas para ellos hay <strong>buenos ofertones estos d\u00edas<\/strong>, no solo en las\u00a0 grandes franquicias sino tambi\u00e9n en las peque\u00f1as tiendas locales, (que me gustan mucho porque suele haber buen g\u00e9nero fabricado en Espa\u00f1a y, a veces, atenci\u00f3n personalizada, no siempre).<\/p>\n<p>Yo <strong>no soy tiquismiquis con la ropa del ni\u00f1o<\/strong> (ni con la m\u00eda), creo que la aprovecho bastante y me da un poco igual el estilo, aunque hay mam\u00e1s tan &#8216;ultratrendys&#8217; que llevan a los ni\u00f1os de desfile de moda cualquier momento del d\u00eda. Es respetable, claro, pero cuando los peques van cogiendo<strong> movilidad e independencia<\/strong> y acaban negros en cuanto salen de casa, te das cuenta de que debemos ser pr\u00e1cticos. Hay que lavar y planchar mucha ropa como para que \u00e9sta sea delicada. Cuanto m\u00e1s f\u00e1cil mejor&#8230;.\u00a1Wipp Express!<\/p>\n<p>No pienso ponerme trancendente-amarguetas, pero empieza a ser un problema la cantidad de ropa que <strong>compramos y desechamos<\/strong>. Es un ciclo cada vez m\u00e1s corto. En algunas organizaciones humanitarias ya no aceptan ropa usada porque, literalmente, no saben qu\u00e9 hacer con ella. Por eso me parece util\u00edsimo heredar y <strong>dar ropa en herencia<\/strong> a hijos de amigos, sobrinos y dem\u00e1s parentela cercana. Cuando yo era peque\u00f1a, y supongo que por una cuesti\u00f3n m\u00e1s econ\u00f3mica que otra cosa, me pon\u00eda los vestidos de las hijas de una amiga de mi madre, y mis vestidos iban a otra ni\u00f1a m\u00e1s peque\u00f1a que yo. Era totalmente normal, aunque como soy humana <strong>yo prefer\u00eda estrenar<\/strong>. Me da que ahora somos m\u00e1s se\u00f1oritingos, y como nuevos ricos, preferimos compr\u00e1rnoslo todo, todo y todo. La pobreza que se aproxima nos har\u00e1 volver a entrar en raz\u00f3n.<\/p>\n<p>S\u00e9 que en algunas ciudades organizan <strong>mercadillos de ropa usada para beb\u00e9s<\/strong>, y que en algunos grupos de lactancia tambi\u00e9n hacen actividades as\u00ed. En C\u00e1ceres se puso en marcha hace unos meses el<a href=\"http:\/\/www.hoy.es\/v\/20111030\/caceres\/pobres-pero-modernas-20111030.html\" target=\"_blank\" rel=\"external nofollow\"> Mercadillo de la Moderna Pobre<\/a>. Empez\u00f3 enfocado s\u00f3lo a ropa de segunda mando de chicas, pero en las siguientes ediciones incluyeron tambi\u00e9n ropa de hombre y de ni\u00f1os. Es cierto que la ropa de los ni\u00f1os, sobre todo cuando son chiquititos, se queda nuevas. Merecen otra oportunidad.<\/p>\n<div id=\"attachment_136\" style=\"width: 310px\" class=\"wp-caption aligncenter\"><a href=\"\/juegosdeninos\/wp-content\/uploads\/sites\/27\/2012\/07\/lanas.jpg\"><img aria-describedby=\"caption-attachment-136\" loading=\"lazy\" class=\"size-medium wp-image-136\" title=\"Lanas para jerseys\" src=\"\/juegosdeninos\/wp-content\/uploads\/sites\/27\/2012\/07\/lanas.jpg\" alt=\"Lanas para jerseys\" width=\"300\" height=\"220\" srcset=\"https:\/\/static-blogs.hoy.es\/wp-content\/uploads\/sites\/27\/2012\/07\/lanas.jpg 2860w, https:\/\/static-blogs.hoy.es\/wp-content\/uploads\/sites\/27\/2012\/07\/lanas-300x220.jpg 300w, https:\/\/static-blogs.hoy.es\/wp-content\/uploads\/sites\/27\/2012\/07\/lanas-768x563.jpg 768w, https:\/\/static-blogs.hoy.es\/wp-content\/uploads\/sites\/27\/2012\/07\/lanas-1024x751.jpg 1024w\" sizes=\"(max-width: 300px) 100vw, 300px\" \/><\/a><p id=\"caption-attachment-136\" class=\"wp-caption-text\">Antes era habitual que las madres y las abuelas fabricaran jerseys y chaquetas a los peque\u00f1os<\/p><\/div>\n<p>Lo que s\u00ed echo de menos es ver a los ni\u00f1os en las calles con esos jerseys y esas chaquetas de punto <strong>que antes nos hac\u00edan las madres y las abuelas<\/strong>. Yo recuerdo algunos como verdaderas obras maestras creadas a base de mucho esfuerzo, de hacer y deshacer un mont\u00f3n de veces la labor y de dejarse la espalda en el intento. Momento nostalgia: uno de mis recuerdos de infancia es acompa\u00f1ar a mi madre a la <strong>tienda de lanas<\/strong> y elegir colores. Era como estar dentro de un arcoiris. Luego, en casa, le ayud\u00e1bamos a hacer ovillos con la lana comprada al peso. Hace unos meses en el parque vi a un ni\u00f1o con un jersey de esos, con las letras de su nombre en el pecho. \u00a1Me pareci\u00f3 tan bonito! Se lo hab\u00eda hecho su mam\u00e1, me cont\u00f3.<\/p>\n<p>&nbsp;<\/p>\n<p>&nbsp;<\/p>\n<!-- AddThis Advanced Settings generic via filter on the_content --><!-- AddThis Share Buttons generic via filter on the_content -->","protected":false},"excerpt":{"rendered":"<p>El 1 de julio, aparte del inicio oficial del verano, llegan las rebajas de verano. Ya he contado por ah\u00ed que aunque ten\u00eda intenci\u00f3n de salir a comprar algo, cuando revis\u00e9 el armario y vi la cantidad de cosas compradas y poco puestas, se me quitaron las ganas. La mala conciencia gan\u00f3. Aprovechando que las [&hellip;]<!-- AddThis Advanced Settings generic via filter on get_the_excerpt --><!-- AddThis Share Buttons generic via filter on get_the_excerpt --><\/p>\n","protected":false},"author":33,"featured_media":0,"comment_status":"open","ping_status":"closed","sticky":false,"template":"","format":"standard","meta":[],"categories":[3],"tags":[135,153,167,198,266],"_links":{"self":[{"href":"https:\/\/blogs.hoy.es\/juegosdeninos\/wp-json\/wp\/v2\/posts\/134"}],"collection":[{"href":"https:\/\/blogs.hoy.es\/juegosdeninos\/wp-json\/wp\/v2\/posts"}],"about":[{"href":"https:\/\/blogs.hoy.es\/juegosdeninos\/wp-json\/wp\/v2\/types\/post"}],"author":[{"embeddable":true,"href":"https:\/\/blogs.hoy.es\/juegosdeninos\/wp-json\/wp\/v2\/users\/33"}],"replies":[{"embeddable":true,"href":"https:\/\/blogs.hoy.es\/juegosdeninos\/wp-json\/wp\/v2\/comments?post=134"}],"version-history":[{"count":0,"href":"https:\/\/blogs.hoy.es\/juegosdeninos\/wp-json\/wp\/v2\/posts\/134\/revisions"}],"wp:attachment":[{"href":"https:\/\/blogs.hoy.es\/juegosdeninos\/wp-json\/wp\/v2\/media?parent=134"}],"wp:term":[{"taxonomy":"category","embeddable":true,"href":"https:\/\/blogs.hoy.es\/juegosdeninos\/wp-json\/wp\/v2\/categories?post=134"},{"taxonomy":"post_tag","embeddable":true,"href":"https:\/\/blogs.hoy.es\/juegosdeninos\/wp-json\/wp\/v2\/tags?post=134"}],"curies":[{"name":"wp","href":"https:\/\/api.w.org\/{rel}","templated":true}]}}