{"id":143,"date":"2012-07-13T10:01:44","date_gmt":"2012-07-13T10:01:44","guid":{"rendered":"http:\/\/blogs.hoy.es\/juegosdeninos\/?p=143"},"modified":"2012-07-13T10:01:44","modified_gmt":"2012-07-13T10:01:44","slug":"pequenos-grandes-viajes","status":"publish","type":"post","link":"https:\/\/blogs.hoy.es\/juegosdeninos\/2012\/07\/13\/pequenos-grandes-viajes\/","title":{"rendered":"Peque\u00f1os grandes viajes"},"content":{"rendered":"<div id=\"attachment_145\" style=\"width: 210px\" class=\"wp-caption aligncenter\"><a href=\"\/juegosdeninos\/wp-content\/uploads\/sites\/27\/2012\/07\/avion1.jpg\"><img aria-describedby=\"caption-attachment-145\" loading=\"lazy\" class=\"size-medium wp-image-145\" title=\"Beb\u00e9 y avi\u00f3n\" src=\"\/juegosdeninos\/wp-content\/uploads\/sites\/27\/2012\/07\/avion1.jpg\" alt=\"Beb\u00e9 y avi\u00f3n\" width=\"200\" height=\"300\" srcset=\"https:\/\/static-blogs.hoy.es\/wp-content\/uploads\/sites\/27\/2012\/07\/avion1.jpg 3744w, https:\/\/static-blogs.hoy.es\/wp-content\/uploads\/sites\/27\/2012\/07\/avion1-200x300.jpg 200w, https:\/\/static-blogs.hoy.es\/wp-content\/uploads\/sites\/27\/2012\/07\/avion1-768x1152.jpg 768w, https:\/\/static-blogs.hoy.es\/wp-content\/uploads\/sites\/27\/2012\/07\/avion1-683x1024.jpg 683w\" sizes=\"(max-width: 200px) 100vw, 200px\" \/><\/a><p id=\"caption-attachment-145\" class=\"wp-caption-text\">En Iberia los ni\u00f1os de hasta dos a\u00f1os viajan encima de sus padres<\/p><\/div>\n<p>\u00a1Vamos que nos vamos! Todav\u00eda quedan unas cuantas semanitas para pillar las vacaciones, pero las fechas inspiran a hablar sobre c\u00f3mo <strong>escapar de la rutina<\/strong> junto a nuestros peque\u00f1ajos. Ya he tocado el tema de las vacaciones en familia en alg\u00fan otro post, pero aqu\u00ed quiero detallar cuestiones m\u00e1s t\u00e9cnicas sobre los <strong>medios de transporte<\/strong>.<\/p>\n<p>Por ahora, solo he viajado con el ni\u00f1o en coche. (Bueno, tambi\u00e9n en autob\u00fas urbano, y aqu\u00ed hay que rese\u00f1ar que hay un espacio dedicado para las sillas, solo caben dos, y si el sitio est\u00e1 ocupado no te dejan subir).\u00a0 La silla del coche es obligatoria <strong>hasta los 12 a\u00f1os<\/strong> y hay que llevar una adecuada a la estatura y peso del ni\u00f1o. Sobra decir que no se pueden llevar en brazos bajo ning\u00fan concepto, <strong>ni siquiera de reci\u00e9n nacidos<\/strong> en el trayecto del hospital a casa. No llevar\u00a0 <strong>sistemas de retenci\u00f3n infantil <\/strong>est\u00e1 tipificado como <a href=\"http:\/\/www.dgt.es\/was6\/portal\/contenidos\/documentos\/prensa_campanas\/notas_prensa\/notaprensa119.pdf\" target=\"_blank\" rel=\"external nofollow\">infracci\u00f3n grave<\/a> y se multa con <strong>200 euros<\/strong> y una p\u00e9rdida de tres puntos.<\/p>\n<p>En mis tiempos mozos era una <strong>usuaria habitual del trenecito <\/strong>y el autob\u00fas, sobre todo para ir y venir de C\u00e1ceres a Madrid y de Madrid a C\u00e1ceres, mis dos ciudades. Hace ya m\u00e1s dos a\u00f1os que no los piso. Ahora, me planteo que puede que alguna vez tenga que cogerlos con el ni\u00f1o, que ya va siendo m\u00e1s grandecito.<\/p>\n<p>He investigado, y no es nada f\u00e1cil moverse con beb\u00e9s en estos medios de transportes. Ni en<a href=\"http:\/\/www.renfe.com\/\" target=\"_blank\" rel=\"external nofollow\"> Renfe<\/a> ni en <a href=\"http:\/\/www.avanzabus.com\/web\/?gclid=CJfvtrGvlrECFSsntAodo2grQQ\" target=\"_blank\" rel=\"external nofollow\">Autores<\/a> proporcionan sillas especiales para los ni\u00f1os.\u00a0 Los\u00a0<strong> menores de 4 a\u00f1os<\/strong> pueden viajar gratis e ir <strong>encima de sus padres<\/strong>, lo cual puede ser infernal si los peque\u00f1ajos ya no son tan peque\u00f1ajos. Si quieren asiento pagan, en el caso del autob\u00fas, medio billete y en el caso del tren, el 60% del importe del billete normal. En Autores me han comentado que permiten llevar una silla de coche, que podr\u00e1 instalarse con el cintur\u00f3n de los asientos. Hay que tener en cuenta que todav\u00eda hay autobuses sin cinturones, los m\u00e1s viejos.<\/p>\n<p>Palabras mayores parece <strong>viajar en avi\u00f3n<\/strong>. Toda una experiencia para los ni\u00f1os, a los que seguro que se les ponen los ojos de plato ante tama\u00f1a aventura. A mi me da un poco de pereza sobre todo el tema de la espera en el aeropuerto, aunque no tanto el viaje en s\u00ed. En la compa\u00f1\u00eda <a href=\"http:\/\/www.iberia.com\/\" target=\"_blank\" rel=\"external nofollow\">Iberia<\/a> los ni\u00f1os van con sus padres<strong> hasta los 2 a\u00f1os<\/strong>, con un dispositivo especial para el cintur\u00f3n. Tambi\u00e9n existe una especie de cunita que se instala en el mismo asiento de los padres y en el que pueden ir recostados los peque\u00f1os. Los trayectos cortos seguro que son llevaderos, pero \u00bfos imagin\u00e1is un Madrid-Buenos Aires?<\/p>\n<p>En todo caso hay que planear bien la ruta y hacer lo m\u00e1s llevadero posible el trayecto a los chiquitajos. Hay que ir y regresar con seguridad. \u00a1A gozarla!<\/p>\n<p>&nbsp;<\/p>\n<!-- AddThis Advanced Settings generic via filter on the_content --><!-- AddThis Share Buttons generic via filter on the_content -->","protected":false},"excerpt":{"rendered":"<p>\u00a1Vamos que nos vamos! Todav\u00eda quedan unas cuantas semanitas para pillar las vacaciones, pero las fechas inspiran a hablar sobre c\u00f3mo escapar de la rutina junto a nuestros peque\u00f1ajos. Ya he tocado el tema de las vacaciones en familia en alg\u00fan otro post, pero aqu\u00ed quiero detallar cuestiones m\u00e1s t\u00e9cnicas sobre los medios de transporte. [&hellip;]<!-- AddThis Advanced Settings generic via filter on get_the_excerpt --><!-- AddThis Share Buttons generic via filter on get_the_excerpt --><\/p>\n","protected":false},"author":33,"featured_media":0,"comment_status":"open","ping_status":"closed","sticky":false,"template":"","format":"standard","meta":[],"categories":[3],"tags":[30,32,64,284,287,316],"_links":{"self":[{"href":"https:\/\/blogs.hoy.es\/juegosdeninos\/wp-json\/wp\/v2\/posts\/143"}],"collection":[{"href":"https:\/\/blogs.hoy.es\/juegosdeninos\/wp-json\/wp\/v2\/posts"}],"about":[{"href":"https:\/\/blogs.hoy.es\/juegosdeninos\/wp-json\/wp\/v2\/types\/post"}],"author":[{"embeddable":true,"href":"https:\/\/blogs.hoy.es\/juegosdeninos\/wp-json\/wp\/v2\/users\/33"}],"replies":[{"embeddable":true,"href":"https:\/\/blogs.hoy.es\/juegosdeninos\/wp-json\/wp\/v2\/comments?post=143"}],"version-history":[{"count":0,"href":"https:\/\/blogs.hoy.es\/juegosdeninos\/wp-json\/wp\/v2\/posts\/143\/revisions"}],"wp:attachment":[{"href":"https:\/\/blogs.hoy.es\/juegosdeninos\/wp-json\/wp\/v2\/media?parent=143"}],"wp:term":[{"taxonomy":"category","embeddable":true,"href":"https:\/\/blogs.hoy.es\/juegosdeninos\/wp-json\/wp\/v2\/categories?post=143"},{"taxonomy":"post_tag","embeddable":true,"href":"https:\/\/blogs.hoy.es\/juegosdeninos\/wp-json\/wp\/v2\/tags?post=143"}],"curies":[{"name":"wp","href":"https:\/\/api.w.org\/{rel}","templated":true}]}}