{"id":151,"date":"2012-07-31T11:25:47","date_gmt":"2012-07-31T11:25:47","guid":{"rendered":"http:\/\/blogs.hoy.es\/juegosdeninos\/?p=151"},"modified":"2012-07-31T11:25:47","modified_gmt":"2012-07-31T11:25:47","slug":"primeras-conversaciones-trascendentes","status":"publish","type":"post","link":"https:\/\/blogs.hoy.es\/juegosdeninos\/2012\/07\/31\/primeras-conversaciones-trascendentes\/","title":{"rendered":"Primeras conversaciones trascendentes"},"content":{"rendered":"<div id=\"attachment_153\" style=\"width: 310px\" class=\"wp-caption aligncenter\"><a href=\"\/juegosdeninos\/wp-content\/uploads\/sites\/27\/2012\/07\/nene1.jpg\"><img aria-describedby=\"caption-attachment-153\" loading=\"lazy\" class=\"size-medium wp-image-153\" title=\"Ni\u00f1o en el horizonte\" src=\"\/juegosdeninos\/wp-content\/uploads\/sites\/27\/2012\/07\/nene1.jpg\" alt=\"Ni\u00f1o en el horizonte\" width=\"300\" height=\"201\" srcset=\"https:\/\/static-blogs.hoy.es\/wp-content\/uploads\/sites\/27\/2012\/07\/nene1.jpg 1750w, https:\/\/static-blogs.hoy.es\/wp-content\/uploads\/sites\/27\/2012\/07\/nene1-300x202.jpg 300w, https:\/\/static-blogs.hoy.es\/wp-content\/uploads\/sites\/27\/2012\/07\/nene1-768x516.jpg 768w, https:\/\/static-blogs.hoy.es\/wp-content\/uploads\/sites\/27\/2012\/07\/nene1-1024x688.jpg 1024w\" sizes=\"(max-width: 300px) 100vw, 300px\" \/><\/a><p id=\"caption-attachment-153\" class=\"wp-caption-text\">Los ni\u00f1os tambi\u00e9n se preguntan por el tema de la muerte<\/p><\/div>\n<p>Brilla el sol, las vacaciones est\u00e1n a la vuelta de la esquina y la vida muestra su cara m\u00e1s sonriente. No hay <strong>nada que temer<\/strong>, pero hoy me pongo un poco profunda. La semana pasada, preparando la <a href=\"http:\/\/www.canalextremadura.es\/radio\/programas\/el-sol-sale-por-el-oeste\" target=\"_blank\" rel=\"external nofollow\">tertulia de la radio<\/a>, sus conductores nos propon\u00edan un tema espinoso. \u00bfC\u00f3mo <strong>hablar de la muerte con los m\u00e1s peque\u00f1os<\/strong>? \u00bfC\u00f3mo explicarles que llega el d\u00eda en el que nos vamos, desaparecemos, dejamos de estar? Dif\u00edcil, y m\u00e1s teniendo en cuenta que ellos son todo lo contrario a lo que implica la idea de la muerte. Son pura vitalidad y salud.<\/p>\n<p>Yo, que ya atesoro a\u00f1os, todav\u00eda no me he reconciliado con el hecho de tener que morir. Mi madre dice que a medida que uno se va haciendo mayor lo asume, esperemos que los a\u00f1os me concedan serenidad para afrontarla. Desde que ha nacido mi hijo me preocupa much\u00edsimo m\u00e1s no estar, no poder cuidarle.<\/p>\n<p><a href=\"http:\/\/www.agenciasinc.es\/Reportajes\/La-muerte-contada-a-los-ninos\" target=\"_blank\" rel=\"external nofollow\">El Servicio de Informaci\u00f3n y Noticias Cient\u00edficas (SINC)<\/a> se hace eco de un trabajo de investigaci\u00f3n de <strong>Txabi Arnal<\/strong>, profesor de Magisterio de la Universidad del Pa\u00eds Vasco. En \u00e9l, el autor investiga 57 \u00e1lbumes infantiles, 57 obras literarias en las que se aborda, de una manera o de otra, el tema de la muerte. La conclusi\u00f3n que saca es que &#8220;la mayor\u00eda de los \u00e1lbumes tienen un gran valor literario y afrontan el tema con naturalidad&#8221;.<\/p>\n<p><strong>Naturalidad<\/strong>, esa parece ser la clave. A ra\u00edz de esto he buscado informaci\u00f3n sobre c\u00f3mo abordar el asunto.Todos los art\u00edculos hablan de que no es bueno mentir a los ni\u00f1os, que hay que ser sincero y explicarles la muerte desde <strong>nuestra \u00f3ptica y creencias<\/strong>. Los cat\u00f3licos tienen el recurso del cielo. Los agn\u00f3sticos o ateos deber\u00e1n enfrentarse a la cruda explicaci\u00f3n de que morimos sin m\u00e1s. Las fuentes consultadas me dicen que no es bueno decir que las personas queridas que han fallecido est\u00e1n dormidas o de viaje. Eso alienta la idea de que alg\u00fan d\u00eda van a volver. Tambi\u00e9n hay que aprender a recordar a los que se han ido.<\/p>\n<p>Mi hijo <strong>todav\u00eda es peque\u00f1o<\/strong> y a\u00fan no tiene esas dudas tan trascendentes, aunque gente cercana a m\u00ed con ni\u00f1os m\u00e1s mayores me han contado que a partir de los 4 a\u00f1os m\u00e1s o menos empiezan a preguntarse por esos temas y, en paralelo, por c\u00f3mo nacemos y c\u00f3mo somos fabricados. En resumen, que tendr\u00e9 que ir <strong>preparandome el argumentario<\/strong> para no decir eso de &#8220;preg\u00fantaselo a pap\u00e1&#8221;\u00a0 o dejarlo para otro d\u00eda. Creo que estos peque\u00f1ajos siempre exigen una respuesta. Y r\u00e1pida.<\/p>\n<!-- AddThis Advanced Settings generic via filter on the_content --><!-- AddThis Share Buttons generic via filter on the_content -->","protected":false},"excerpt":{"rendered":"<p>Brilla el sol, las vacaciones est\u00e1n a la vuelta de la esquina y la vida muestra su cara m\u00e1s sonriente. No hay nada que temer, pero hoy me pongo un poco profunda. La semana pasada, preparando la tertulia de la radio, sus conductores nos propon\u00edan un tema espinoso. \u00bfC\u00f3mo hablar de la muerte con los [&hellip;]<!-- AddThis Advanced Settings generic via filter on get_the_excerpt --><!-- AddThis Share Buttons generic via filter on get_the_excerpt --><\/p>\n","protected":false},"author":33,"featured_media":0,"comment_status":"open","ping_status":"closed","sticky":false,"template":"","format":"standard","meta":[],"categories":[2],"tags":[60,80,205,213,275],"_links":{"self":[{"href":"https:\/\/blogs.hoy.es\/juegosdeninos\/wp-json\/wp\/v2\/posts\/151"}],"collection":[{"href":"https:\/\/blogs.hoy.es\/juegosdeninos\/wp-json\/wp\/v2\/posts"}],"about":[{"href":"https:\/\/blogs.hoy.es\/juegosdeninos\/wp-json\/wp\/v2\/types\/post"}],"author":[{"embeddable":true,"href":"https:\/\/blogs.hoy.es\/juegosdeninos\/wp-json\/wp\/v2\/users\/33"}],"replies":[{"embeddable":true,"href":"https:\/\/blogs.hoy.es\/juegosdeninos\/wp-json\/wp\/v2\/comments?post=151"}],"version-history":[{"count":0,"href":"https:\/\/blogs.hoy.es\/juegosdeninos\/wp-json\/wp\/v2\/posts\/151\/revisions"}],"wp:attachment":[{"href":"https:\/\/blogs.hoy.es\/juegosdeninos\/wp-json\/wp\/v2\/media?parent=151"}],"wp:term":[{"taxonomy":"category","embeddable":true,"href":"https:\/\/blogs.hoy.es\/juegosdeninos\/wp-json\/wp\/v2\/categories?post=151"},{"taxonomy":"post_tag","embeddable":true,"href":"https:\/\/blogs.hoy.es\/juegosdeninos\/wp-json\/wp\/v2\/tags?post=151"}],"curies":[{"name":"wp","href":"https:\/\/api.w.org\/{rel}","templated":true}]}}