{"id":166,"date":"2012-09-26T11:14:43","date_gmt":"2012-09-26T11:14:43","guid":{"rendered":"http:\/\/blogs.hoy.es\/juegosdeninos\/?p=166"},"modified":"2012-09-26T11:14:43","modified_gmt":"2012-09-26T11:14:43","slug":"cumpleanitos-feliz","status":"publish","type":"post","link":"https:\/\/blogs.hoy.es\/juegosdeninos\/2012\/09\/26\/cumpleanitos-feliz\/","title":{"rendered":"Cumplea\u00f1itos feliz"},"content":{"rendered":"<div id=\"attachment_167\" style=\"width: 310px\" class=\"wp-caption aligncenter\"><a href=\"\/juegosdeninos\/wp-content\/uploads\/sites\/27\/2012\/09\/cumplea\u00f1ero.jpg\"><img aria-describedby=\"caption-attachment-167\" loading=\"lazy\" class=\"size-medium wp-image-167\" title=\"Primer cumplea\u00f1os\" src=\"\/juegosdeninos\/wp-content\/uploads\/sites\/27\/2012\/09\/cumplea\u00f1ero.jpg\" alt=\"Primer cumplea\u00f1os\" width=\"300\" height=\"235\" srcset=\"https:\/\/static-blogs.hoy.es\/wp-content\/uploads\/sites\/27\/2012\/09\/cumplea\u00f1ero.jpg 2831w, https:\/\/static-blogs.hoy.es\/wp-content\/uploads\/sites\/27\/2012\/09\/cumplea\u00f1ero-300x236.jpg 300w, https:\/\/static-blogs.hoy.es\/wp-content\/uploads\/sites\/27\/2012\/09\/cumplea\u00f1ero-768x604.jpg 768w, https:\/\/static-blogs.hoy.es\/wp-content\/uploads\/sites\/27\/2012\/09\/cumplea\u00f1ero-1024x805.jpg 1024w\" sizes=\"(max-width: 300px) 100vw, 300px\" \/><\/a><p id=\"caption-attachment-167\" class=\"wp-caption-text\">Los primeros cumplea\u00f1os se convierten en una fiesta inolvidable<\/p><\/div>\n<p>Los <a href=\"http:\/\/www.youtube.com\/watch?v=tznBgIGSi98\" target=\"_blank\" rel=\"external nofollow\">amigos de Parchis<\/a> nos desearon feliz cumplea\u00f1os a toda una generaci\u00f3n de treinta\u00f1eros que celebramos nuestras fiestas durante los ochenta. Nunca olvidar\u00e9 aquellas &#8220;galas&#8221; caseras con <strong>tri\u00e1ngulos de sandwich<\/strong>, gusanitos colora\u00f3s y Fanta naranja y lim\u00f3n. Y tartaza adornada con unas flores de una especie de galleta acartonada que sab\u00eda a rayos pero por la que nos mat\u00e1bamos. Supongo que ser\u00e1 porque ya he llegado a la <strong>edad de la nostalgia<\/strong>, pero recuerdo aquellos cumples y me parece que el mundo era m\u00e1s ingenuo y m\u00e1s sencillo. Al final todo acababa como el rosario de la aurora, a veces incluso con camorra, pero hasta eso molaba. Una amiga de la infancia se pon\u00eda en la entrada de su casa y extend\u00eda la mano para pillar el regalo antes que nada: &#8220;Mi regalo, por favor&#8221;. \u00a1Qu\u00e9 diplomacia!<\/p>\n<p>Hace poco en el grupo de Facebook\u00a0<a href=\"http:\/\/www.facebook.com\/#!\/groups\/151725734897783\/\" target=\"_blank\" rel=\"external nofollow\"> &#8216;Los ni\u00f1os de Pedro&#8217;<\/a> que re\u00fane a mam\u00e1s y pap\u00e1s que participaron en el taller de masajes y estimulaci\u00f3n del <strong>Centro de Salud Manuel Encinas de C\u00e1ceres<\/strong>, una madre ped\u00eda opiniones sobre c\u00f3mo celebrar el primer cumplea\u00f1os de su hijo. Se plante\u00f3 un mini debate sobre c\u00f3mo hacerles disfrutar ese d\u00eda. Son tan peque\u00f1os que es imposible que capten el concepto de que es su cumplea\u00f1os, pero merece la pena inventarse algo que nos recuerde ese <strong>d\u00eda grande<\/strong>. A ellos luego les encantar\u00e1 ver las fotos de esa primera velita.<\/p>\n<p>Ya estamos a punto de celebrar el <strong>segundo cumple de Pablo<\/strong> y habr\u00e1 que empezar a pensar c\u00f3mo hacerlo. El primero fue una fiesta en la que hab\u00eda muchas cosas que conmemorar. El primer a\u00f1o del ni\u00f1o, nuestro primer a\u00f1o como padres, el primer a\u00f1o de los abuelos. 365 d\u00edas de felicidad total, de dudas, de esfuerzo, de ir superarando pruebas. \u00a1Qu\u00e9 emoci\u00f3n! <strong>Pedimos el d\u00eda libre<\/strong>, estuvimos de comida y por la tarde vinieron los t\u00edos y los amigos a partir la tarta. Faltaron ni\u00f1os peque\u00f1os, pero es que nuestro entorno es tan &#8220;sin ni\u00f1os&#8221;&#8230;Este a\u00f1o, que ya sabe cantar el cumplea\u00f1os feliz y todo, habr\u00e1 que hacer <strong>un poco m\u00e1s de pachanga<\/strong>.<\/p>\n<div id=\"attachment_168\" style=\"width: 310px\" class=\"wp-caption aligncenter\"><a href=\"\/juegosdeninos\/wp-content\/uploads\/sites\/27\/2012\/09\/tarta.jpg\"><img aria-describedby=\"caption-attachment-168\" loading=\"lazy\" class=\"size-medium wp-image-168\" title=\"Pastel de cumple\" src=\"\/juegosdeninos\/wp-content\/uploads\/sites\/27\/2012\/09\/tarta.jpg\" alt=\"Pastel de cumple\" width=\"300\" height=\"225\" srcset=\"https:\/\/static-blogs.hoy.es\/wp-content\/uploads\/sites\/27\/2012\/09\/tarta.jpg 2500w, https:\/\/static-blogs.hoy.es\/wp-content\/uploads\/sites\/27\/2012\/09\/tarta-300x225.jpg 300w, https:\/\/static-blogs.hoy.es\/wp-content\/uploads\/sites\/27\/2012\/09\/tarta-768x576.jpg 768w, https:\/\/static-blogs.hoy.es\/wp-content\/uploads\/sites\/27\/2012\/09\/tarta-1024x768.jpg 1024w\" sizes=\"(max-width: 300px) 100vw, 300px\" \/><\/a><p id=\"caption-attachment-168\" class=\"wp-caption-text\">Hay muchas f\u00f3rmulas para celebrar un cumple infantil, pero la tarta no puede faltar<\/p><\/div>\n<p>Supongo que la cosa ir\u00e1 sofistic\u00e1ndose con el tiempo. Hay padres que me han contado que <strong>alquilan naves o locales<\/strong> para celebrar all\u00ed los cumplea\u00f1os. Los que disponen de jardines o terrazas grandes tienen sitio para llevar algo de animaci\u00f3n, como <strong>payasos o magos<\/strong>. Los parques infantiles de piscinas de bolas tienen mucho \u00e9xito.\u00a0 Y luego los burguer y las pizzer\u00edas&#8230;me horrorizan un poco, pero supongo que son \u00fatiles para que la casa no quede como Vietnam.<\/p>\n<p>A\u00f1ado aqu\u00ed un par de relatos sobre c\u00f3mo celebran algunas mam\u00e1s los cumples de sus cachorrillos. Hay ideas interesantes y \u00fatiles. &#8220;En los cumples de mis hijos siempre me ha gustado recordar c\u00f3mo han cambiado y lo que han crecido. El sal\u00f3n donde lo celebro lo lleno de <strong>fotocopias a color de los momentos m\u00e1s significativos de los \u00faltimos meses<\/strong>, siempre en primeros planos, donde se ven los rasgos de beb\u00e9 a ni\u00f1o. Y globos, muchos globos. Los globos dan alegr\u00eda a cualquier estancia&#8221;.<\/p>\n<p>Otro m\u00e1s: &#8220;Yo hice flores con globos y las colgu\u00e9 en la pared,\u00a0 guirnalda de &#8220;felicidades&#8221;, sombreritos de cart\u00f3n para los ni\u00f1os, pi\u00f1ata con golosinas y monedas de chocolate&#8221;, cuentra otra mami, que recomienda &#8220;que haya otros ni\u00f1os para que tambi\u00e9n disfrute \u00e9l&#8221; y &#8220;no complicarse demasiado ni liarse en la cocina&#8221;. Importante anotaci\u00f3n.<\/p>\n<p>&nbsp;<\/p>\n<p>&nbsp;<\/p>\n<p>&nbsp;<\/p>\n<!-- AddThis Advanced Settings generic via filter on the_content --><!-- AddThis Share Buttons generic via filter on the_content -->","protected":false},"excerpt":{"rendered":"<p>Los amigos de Parchis nos desearon feliz cumplea\u00f1os a toda una generaci\u00f3n de treinta\u00f1eros que celebramos nuestras fiestas durante los ochenta. Nunca olvidar\u00e9 aquellas &#8220;galas&#8221; caseras con tri\u00e1ngulos de sandwich, gusanitos colora\u00f3s y Fanta naranja y lim\u00f3n. Y tartaza adornada con unas flores de una especie de galleta acartonada que sab\u00eda a rayos pero por [&hellip;]<!-- AddThis Advanced Settings generic via filter on get_the_excerpt --><!-- AddThis Share Buttons generic via filter on get_the_excerpt --><\/p>\n","protected":false},"author":33,"featured_media":0,"comment_status":"open","ping_status":"closed","sticky":false,"template":"","format":"standard","meta":[],"categories":[7],"tags":[92,134,183,187,234],"_links":{"self":[{"href":"https:\/\/blogs.hoy.es\/juegosdeninos\/wp-json\/wp\/v2\/posts\/166"}],"collection":[{"href":"https:\/\/blogs.hoy.es\/juegosdeninos\/wp-json\/wp\/v2\/posts"}],"about":[{"href":"https:\/\/blogs.hoy.es\/juegosdeninos\/wp-json\/wp\/v2\/types\/post"}],"author":[{"embeddable":true,"href":"https:\/\/blogs.hoy.es\/juegosdeninos\/wp-json\/wp\/v2\/users\/33"}],"replies":[{"embeddable":true,"href":"https:\/\/blogs.hoy.es\/juegosdeninos\/wp-json\/wp\/v2\/comments?post=166"}],"version-history":[{"count":0,"href":"https:\/\/blogs.hoy.es\/juegosdeninos\/wp-json\/wp\/v2\/posts\/166\/revisions"}],"wp:attachment":[{"href":"https:\/\/blogs.hoy.es\/juegosdeninos\/wp-json\/wp\/v2\/media?parent=166"}],"wp:term":[{"taxonomy":"category","embeddable":true,"href":"https:\/\/blogs.hoy.es\/juegosdeninos\/wp-json\/wp\/v2\/categories?post=166"},{"taxonomy":"post_tag","embeddable":true,"href":"https:\/\/blogs.hoy.es\/juegosdeninos\/wp-json\/wp\/v2\/tags?post=166"}],"curies":[{"name":"wp","href":"https:\/\/api.w.org\/{rel}","templated":true}]}}