{"id":190,"date":"2012-11-15T12:05:30","date_gmt":"2012-11-15T12:05:30","guid":{"rendered":"http:\/\/blogs.hoy.es\/juegosdeninos\/?p=190"},"modified":"2012-11-15T12:05:30","modified_gmt":"2012-11-15T12:05:30","slug":"dos-anos-la-guerra-de-la-independencia","status":"publish","type":"post","link":"https:\/\/blogs.hoy.es\/juegosdeninos\/2012\/11\/15\/dos-anos-la-guerra-de-la-independencia\/","title":{"rendered":"Dos a\u00f1os: La guerra de la independencia"},"content":{"rendered":"<div id=\"attachment_191\" style=\"width: 310px\" class=\"wp-caption aligncenter\"><a href=\"\/juegosdeninos\/wp-content\/uploads\/sites\/27\/2012\/11\/independiente.jpg\"><img aria-describedby=\"caption-attachment-191\" loading=\"lazy\" class=\"size-medium wp-image-191\" title=\"Ni\u00f1os y personalidad\" src=\"\/juegosdeninos\/wp-content\/uploads\/sites\/27\/2012\/11\/independiente.jpg\" alt=\"Ni\u00f1os y personalidad\" width=\"300\" height=\"198\" srcset=\"https:\/\/static-blogs.hoy.es\/wp-content\/uploads\/sites\/27\/2012\/11\/independiente.jpg 2464w, https:\/\/static-blogs.hoy.es\/wp-content\/uploads\/sites\/27\/2012\/11\/independiente-300x199.jpg 300w, https:\/\/static-blogs.hoy.es\/wp-content\/uploads\/sites\/27\/2012\/11\/independiente-768x509.jpg 768w, https:\/\/static-blogs.hoy.es\/wp-content\/uploads\/sites\/27\/2012\/11\/independiente-1024x678.jpg 1024w\" sizes=\"(max-width: 300px) 100vw, 300px\" \/><\/a><p id=\"caption-attachment-191\" class=\"wp-caption-text\">Los ni\u00f1os se destapan a los dos a\u00f1os<\/p><\/div>\n<p>Llega el <strong>segundo cumplea\u00f1os<\/strong> del peque y volvemos a celebrarlo como hay que celebrar la vida: a lo grande, respirando, confiando en el futuro y comiendo tarta. Dicen que pasa r\u00e1pido esta primera infancia, pero estos 730 d\u00edas desde que naci\u00f3 el ni\u00f1o han sido tan intensos que valen por dos. Es <strong>como si la vida se concentrara<\/strong> y multiplicara sus horas. As\u00ed a bote pronto no podr\u00eda decir qu\u00e9 hice en 2007 \u00f3 2008, pero tengo clar\u00edsimo qu\u00e9 fue lo m\u00e1s importante de 2010, 2011 y 2012.<\/p>\n<p>He le\u00eddo en libros y foros (y tambi\u00e9n me han contado otras madres) que esta edad marca un cambio considerable en su actitud. Se puede decir que inician <strong>la guerra de la independencia<\/strong>, empiezan a <a href=\"http:\/\/www.serpadres.es\/1-2anos\/educacion-y-desarrollo\/cambio-caracter-2-anos.html\" target=\"_blank\" rel=\"external nofollow\">reafirmar su personalidad<\/a> y, ya de paso, a montar alg\u00fan pollo.<\/p>\n<p>Las destrezas adquiridas durante estos dos a\u00f1os son ya muchas y son capaces de hacer infinidad de cosas, se van sintiendo tan seguros que <strong>ya no necesitan la mano de mami<\/strong>. Quieren comer solos, no quieren sillita pero luego tampoco quieren andar y te llevan la contraria por las cosas m\u00e1s peregrinas, como las zapatillas que pretendes ponerles. Su palabra favorita es \u201cno\u201d. \u201c\u00a1No mami, no!\u201d.\u00a0 He visto que en alg\u00fan sitio equiparan esta etapa a la adolescencia, es como una especie de <strong>edad del pavo prematura<\/strong>.<\/p>\n<p>Hay que afrontar las rabietas con toda la calma de la que podamos hacer acopio. Al final, las emociones se transmiten, y si logramos comunicar cierta tranquilidad, puede que al ni\u00f1o se le pase \u201cel berre\u201d. Cuando mi enanillo se pone loco empiezo a cantarle. Al final, prefiere las canciones a los gritos y terminamos entonando nuestros \u201cgreatest hits\u201d dom\u00e9sticos, desde &#8216;Caracol, col, col&#8217; hasta &#8216;Que llueva, que llueva&#8217;. Imagino que tambi\u00e9n <strong>es el momento de empezar a poner l\u00edmites y establecer rutinas<\/strong>. Dicen que lo m\u00e1s importante es ser coherente: si habitualmente no le dejas hacer algo, hay que intentar que esa \u201cprohibici\u00f3n\u201d se mantenga. Si no, el ni\u00f1o no sabr\u00e1 a qu\u00e9 atenerse.<\/p>\n<p>Quitar el pa\u00f1al, dormir solos en su habitaci\u00f3n, adquirir h\u00e1bitos de higiene o aprender a vestirse son algunos <strong>hitos de los dos a\u00f1os<\/strong>. Poco a poco dejan de ser beb\u00e9s y se convierten en ni\u00f1os. \u201cUn ni\u00f1o grande\u201d, como dice mi peque. Y yo me debato entre el <strong>orgullo de verle crecer<\/strong> y la nostalgia por lo que se va. \u00a1Felicidades, hijo!<\/p>\n<!-- AddThis Advanced Settings generic via filter on the_content --><!-- AddThis Share Buttons generic via filter on the_content -->","protected":false},"excerpt":{"rendered":"<p>Llega el segundo cumplea\u00f1os del peque y volvemos a celebrarlo como hay que celebrar la vida: a lo grande, respirando, confiando en el futuro y comiendo tarta. Dicen que pasa r\u00e1pido esta primera infancia, pero estos 730 d\u00edas desde que naci\u00f3 el ni\u00f1o han sido tan intensos que valen por dos. Es como si la [&hellip;]<!-- AddThis Advanced Settings generic via filter on get_the_excerpt --><!-- AddThis Share Buttons generic via filter on get_the_excerpt --><\/p>\n","protected":false},"author":33,"featured_media":0,"comment_status":"open","ping_status":"closed","sticky":false,"template":"","format":"standard","meta":[],"categories":[4],"tags":[73,181,241,263,281],"_links":{"self":[{"href":"https:\/\/blogs.hoy.es\/juegosdeninos\/wp-json\/wp\/v2\/posts\/190"}],"collection":[{"href":"https:\/\/blogs.hoy.es\/juegosdeninos\/wp-json\/wp\/v2\/posts"}],"about":[{"href":"https:\/\/blogs.hoy.es\/juegosdeninos\/wp-json\/wp\/v2\/types\/post"}],"author":[{"embeddable":true,"href":"https:\/\/blogs.hoy.es\/juegosdeninos\/wp-json\/wp\/v2\/users\/33"}],"replies":[{"embeddable":true,"href":"https:\/\/blogs.hoy.es\/juegosdeninos\/wp-json\/wp\/v2\/comments?post=190"}],"version-history":[{"count":0,"href":"https:\/\/blogs.hoy.es\/juegosdeninos\/wp-json\/wp\/v2\/posts\/190\/revisions"}],"wp:attachment":[{"href":"https:\/\/blogs.hoy.es\/juegosdeninos\/wp-json\/wp\/v2\/media?parent=190"}],"wp:term":[{"taxonomy":"category","embeddable":true,"href":"https:\/\/blogs.hoy.es\/juegosdeninos\/wp-json\/wp\/v2\/categories?post=190"},{"taxonomy":"post_tag","embeddable":true,"href":"https:\/\/blogs.hoy.es\/juegosdeninos\/wp-json\/wp\/v2\/tags?post=190"}],"curies":[{"name":"wp","href":"https:\/\/api.w.org\/{rel}","templated":true}]}}