{"id":217,"date":"2013-02-04T17:08:39","date_gmt":"2013-02-04T17:08:39","guid":{"rendered":"http:\/\/blogs.hoy.es\/juegosdeninos\/?p=217"},"modified":"2013-02-04T17:08:39","modified_gmt":"2013-02-04T17:08:39","slug":"cogidos-por-los-pelos","status":"publish","type":"post","link":"https:\/\/blogs.hoy.es\/juegosdeninos\/2013\/02\/04\/cogidos-por-los-pelos\/","title":{"rendered":"Cogidos por los pelos"},"content":{"rendered":"<div id=\"attachment_218\" style=\"width: 310px\" class=\"wp-caption aligncenter\"><a href=\"\/juegosdeninos\/wp-content\/uploads\/sites\/27\/2013\/02\/Pelo1.jpg\"><img aria-describedby=\"caption-attachment-218\" loading=\"lazy\" class=\"size-medium wp-image-218\" title=\"Pelo y ni\u00f1os\" src=\"\/juegosdeninos\/wp-content\/uploads\/sites\/27\/2013\/02\/Pelo1.jpg\" alt=\"Pelo y ni\u00f1os\" width=\"300\" height=\"191\" srcset=\"https:\/\/static-blogs.hoy.es\/wp-content\/uploads\/sites\/27\/2013\/02\/Pelo1.jpg 2330w, https:\/\/static-blogs.hoy.es\/wp-content\/uploads\/sites\/27\/2013\/02\/Pelo1-300x191.jpg 300w, https:\/\/static-blogs.hoy.es\/wp-content\/uploads\/sites\/27\/2013\/02\/Pelo1-768x490.jpg 768w, https:\/\/static-blogs.hoy.es\/wp-content\/uploads\/sites\/27\/2013\/02\/Pelo1-1024x653.jpg 1024w\" sizes=\"(max-width: 300px) 100vw, 300px\" \/><\/a><p id=\"caption-attachment-218\" class=\"wp-caption-text\">El mayor cambio del aspecto del pelo se produce en la adolescencia<\/p><\/div>\n<p>Hoy va la cosa de pelos. De los pelos de nuestros ni\u00f1os, que crecen y crecen y de suave pelusilla se convierten en gre\u00f1as indomables. Hay much\u00edsima <a href=\"http:\/\/pediagranadilla.wordpress.com\/2012\/05\/03\/leyendas-pediatricas-cortale-el-pelo-para-que-le-salga-mas-fuerte-no-se-lo-cortes-para-que-se-le-haga-mas-fuerte\/\" target=\"_blank\" rel=\"external nofollow\">literatura y hasta supersticiones<\/a> sobre c\u00f3mo, cu\u00e1ndo y d\u00f3nde debe ser cortado el pelo de los ni\u00f1os. Existe una leyenda que habla de que hay que cortar el cabello en cuarto creciente para que crezca m\u00e1s. Es de origen agr\u00edcola, porque as\u00ed funcionan algunos cereales, pero no tiene mucho fundamento. Con cualquiera de las lunas el pelo crece <strong>de uno a un cent\u00edmetro y medio al mes<\/strong>.<\/p>\n<p>Pero vamos al tema infantil. Como he tenido un cachorro que naci\u00f3 <strong>pr\u00e1cticamente pel\u00f3n<\/strong> tardamos muchos meses en tenernos que enfrentar a la tijera y, como en la familia hay un profesional de la misma estuvo chupao, porque lo hizo a domicilio y toda la operaci\u00f3n se desarroll\u00f3 sin l\u00e1grimas. Luego, en dos a\u00f1os y pico habremos repetido tres veces m\u00e1s como mucho, ya si que <strong>en la peluquer\u00eda del t\u00edo y rodeados de se\u00f1oras<\/strong> de esas que hacen muchas exclamaciones por todo.<\/p>\n<p>Me llama\u00a0 la atenci\u00f3n c\u00f3mo se ha impuesto <strong>la moda de la maquinilla el\u00e9ctrica<\/strong> para rapar las cabecitas de ni\u00f1os s\u00faper peque\u00f1os. Al parecer la creencia es que el pelito se iguala y sale de una forma m\u00e1s homog\u00e9nea, aunque no es recomendable utilizarla cuando son muy beb\u00e9s, ya que el cr\u00e1neo a\u00fan est\u00e1 blando. No hay relaci\u00f3n entre que cortar el pelo pronto haga que crezca m\u00e1s fuerte, a pesar de lo mucho que se repite esta m\u00e1xima. No me gusta el pelo rapado en los ni\u00f1os, ni los peinados de macarras que les hacen a algunos chiquitines ni los flequillos de <a href=\"http:\/\/www.justinbiebermusic.com\/\" target=\"_blank\" rel=\"external nofollow\">Justin Bieber<\/a> que les ponen a otros, digo ya de paso. Os juro que no es alucine: un d\u00eda vi a <strong>un ni\u00f1o de unos tres a\u00f1itos con el pelo te\u00f1ido<\/strong>. Muy cani.<\/p>\n<p>De todos modos ya se sabe que <strong>el pelo con el que nacen los ni\u00f1os no es el definitivo<\/strong> ni en textura ni en color. \u00c9ste muda, debido a los melanocitos, las c\u00e9lulas productoras de melanina, que van madurando a medida que crece el ni\u00f1o. C\u00f3mo tenemos el pelo es la <strong>huella gen\u00e9tica de nuestros padres y ancestros<\/strong>. Hablo del color y el tipo de pelo, no de el peinado, que ya es responsabilidad totalmente nuestra. En mi caso, hay gente que se sorprende mucho de que mi hijo sea rubito siendo sus pap\u00e1s morenos de pelo. A nosotros no nos extra\u00f1a porque sabemos c\u00f3mo hemos sido y tenemos fotos de <strong>nuestros cabezones rubiales cuando \u00e9ramos ni\u00f1os<\/strong>. Al parecer, tras los cambios posteriores al nacimiento aproximadamente al a\u00f1o y medio el color del pelo ser\u00e1 lo m\u00e1s parecido al que tendr\u00e1 hasta la pubertad, que es cuando m\u00e1s cambia el color, aunque el proceso es <strong>progresivo<\/strong>. <a href=\"http:\/\/www.bebesymas.com\/recien-nacido\/el-color-de-pelo-del-bebe\" target=\"_blank\" rel=\"external nofollow\">En este art\u00edculo se habla de las leyes de la gen\u00e9tica<\/a> y de c\u00f3mo condicionan el color de nuestras melenas. Es interesante. Por resumir, los colores oscuros suelen ser dominantes, aunque <strong>las combinaciones son infinitas<\/strong>.<\/p>\n<div id=\"attachment_219\" style=\"width: 310px\" class=\"wp-caption aligncenter\"><a href=\"\/juegosdeninos\/wp-content\/uploads\/sites\/27\/2013\/02\/Pelo2.jpg\"><img aria-describedby=\"caption-attachment-219\" loading=\"lazy\" class=\"size-medium wp-image-219\" title=\"Corte de pelo\" src=\"\/juegosdeninos\/wp-content\/uploads\/sites\/27\/2013\/02\/Pelo2.jpg\" alt=\"Corte de pelo\" width=\"300\" height=\"216\" srcset=\"https:\/\/static-blogs.hoy.es\/wp-content\/uploads\/sites\/27\/2013\/02\/Pelo2.jpg 2000w, https:\/\/static-blogs.hoy.es\/wp-content\/uploads\/sites\/27\/2013\/02\/Pelo2-300x216.jpg 300w, https:\/\/static-blogs.hoy.es\/wp-content\/uploads\/sites\/27\/2013\/02\/Pelo2-768x553.jpg 768w, https:\/\/static-blogs.hoy.es\/wp-content\/uploads\/sites\/27\/2013\/02\/Pelo2-1024x737.jpg 1024w\" sizes=\"(max-width: 300px) 100vw, 300px\" \/><\/a><p id=\"caption-attachment-219\" class=\"wp-caption-text\">Hay peluquer\u00edas especializadas en cortar el pelo a los ni\u00f1os<\/p><\/div>\n<p>Seg\u00fan algunos consejos de peluqueros que he podido leer los cuidados para el pelo de los ni\u00f1os tienen que ser b\u00e1sicos. Aunque los ba\u00f1emos todos los d\u00edas, <a href=\"http:\/\/www.crecerfeliz.es\/El-bebe\/Buenos-cuidados\/lavar-el-pelo-al-bebe\" target=\"_blank\" rel=\"external nofollow\">no todos los d\u00edas hay que lavarles el pelo<\/a>. A los beb\u00e9s, para evitar resfriados, mejor lav\u00e1rselo al final del ba\u00f1o, para que no est\u00e9n con la cabecita mojada mucho rato. Recomiendan <strong>no acostarles con el pelo mojado<\/strong> y pasarles ligeramente el secador.En el caso de las ni\u00f1as m\u00e1s mayorcitas, cuando se les deja largo hay que tener especial cuidado con los enredones.<\/p>\n<p>Por C\u00e1ceres no he visto ninguna, pero en otras ciudades hay peluquer\u00edas especializadas para bambinos en las que, me cuentan, hay coches o caballitos para que se suban, se distraigan y, mientras tanto, tris, tras, a cortarles el pelo sin broncas.<\/p>\n<!-- AddThis Advanced Settings generic via filter on the_content --><!-- AddThis Share Buttons generic via filter on the_content -->","protected":false},"excerpt":{"rendered":"<p>Hoy va la cosa de pelos. De los pelos de nuestros ni\u00f1os, que crecen y crecen y de suave pelusilla se convierten en gre\u00f1as indomables. Hay much\u00edsima literatura y hasta supersticiones sobre c\u00f3mo, cu\u00e1ndo y d\u00f3nde debe ser cortado el pelo de los ni\u00f1os. Existe una leyenda que habla de que hay que cortar el [&hellip;]<!-- AddThis Advanced Settings generic via filter on get_the_excerpt --><!-- AddThis Share Buttons generic via filter on get_the_excerpt --><\/p>\n","protected":false},"author":33,"featured_media":0,"comment_status":"open","ping_status":"closed","sticky":false,"template":"","format":"standard","meta":[],"categories":[5],"tags":[42,69,171,189,237,238,265,307],"_links":{"self":[{"href":"https:\/\/blogs.hoy.es\/juegosdeninos\/wp-json\/wp\/v2\/posts\/217"}],"collection":[{"href":"https:\/\/blogs.hoy.es\/juegosdeninos\/wp-json\/wp\/v2\/posts"}],"about":[{"href":"https:\/\/blogs.hoy.es\/juegosdeninos\/wp-json\/wp\/v2\/types\/post"}],"author":[{"embeddable":true,"href":"https:\/\/blogs.hoy.es\/juegosdeninos\/wp-json\/wp\/v2\/users\/33"}],"replies":[{"embeddable":true,"href":"https:\/\/blogs.hoy.es\/juegosdeninos\/wp-json\/wp\/v2\/comments?post=217"}],"version-history":[{"count":0,"href":"https:\/\/blogs.hoy.es\/juegosdeninos\/wp-json\/wp\/v2\/posts\/217\/revisions"}],"wp:attachment":[{"href":"https:\/\/blogs.hoy.es\/juegosdeninos\/wp-json\/wp\/v2\/media?parent=217"}],"wp:term":[{"taxonomy":"category","embeddable":true,"href":"https:\/\/blogs.hoy.es\/juegosdeninos\/wp-json\/wp\/v2\/categories?post=217"},{"taxonomy":"post_tag","embeddable":true,"href":"https:\/\/blogs.hoy.es\/juegosdeninos\/wp-json\/wp\/v2\/tags?post=217"}],"curies":[{"name":"wp","href":"https:\/\/api.w.org\/{rel}","templated":true}]}}