{"id":229,"date":"2013-03-27T17:27:04","date_gmt":"2013-03-27T17:27:04","guid":{"rendered":"http:\/\/blogs.hoy.es\/juegosdeninos\/?p=229"},"modified":"2013-03-27T17:27:04","modified_gmt":"2013-03-27T17:27:04","slug":"primavera-ven-a-mi","status":"publish","type":"post","link":"https:\/\/blogs.hoy.es\/juegosdeninos\/2013\/03\/27\/primavera-ven-a-mi\/","title":{"rendered":"Primavera, ven a m\u00ed"},"content":{"rendered":"<p>He tardado m\u00e1s de un mes en volver a este territorio de &#8216;Juegos de Ni\u00f1os&#8217;. De este par\u00e9ntesis poco que decir, salvo que andaba con la cabeza en otras cosas. Aqu\u00ed estoy, retomando este espacio que no pienso abandonar. No ha acompa\u00f1ado mucho a mi estado de \u00e1nimo este maldito tiempo que ha transformado Extremadura <strong>en una especie de isla brit\u00e1nica que, nadando, nadando, ha venido a colocarse al oeste de la pen\u00ednsula ib\u00e9rica con sus nubes perp\u00e9tuas<\/strong>. Nos van a salir aletas, branquias, escamas. Nos vamos a tener que colocar una escafandra para salir a la calle. Yo, que suelo despotricar contra el calor extremo de estas tierras sure\u00f1as, reconozco que estoy harta y quiero ver un enorme cielo azul sobre mi cabeza. Y solete.<\/p>\n<div id=\"attachment_230\" style=\"width: 310px\" class=\"wp-caption aligncenter\"><a href=\"\/juegosdeninos\/wp-content\/uploads\/sites\/27\/2013\/03\/Diente.jpg\"><img aria-describedby=\"caption-attachment-230\" loading=\"lazy\" class=\"size-medium wp-image-230\" title=\"La primavera nos invita a salir de casa, cosa que los ni\u00f1os agradecen\" src=\"\/juegosdeninos\/wp-content\/uploads\/sites\/27\/2013\/03\/Diente.jpg\" alt=\"La primavera nos invita a salir de casa, cosa que los ni\u00f1os agradecen\" width=\"300\" height=\"192\" srcset=\"https:\/\/static-blogs.hoy.es\/wp-content\/uploads\/sites\/27\/2013\/03\/Diente.jpg 1940w, https:\/\/static-blogs.hoy.es\/wp-content\/uploads\/sites\/27\/2013\/03\/Diente-300x193.jpg 300w, https:\/\/static-blogs.hoy.es\/wp-content\/uploads\/sites\/27\/2013\/03\/Diente-768x493.jpg 768w, https:\/\/static-blogs.hoy.es\/wp-content\/uploads\/sites\/27\/2013\/03\/Diente-1024x658.jpg 1024w\" sizes=\"(max-width: 300px) 100vw, 300px\" \/><\/a><p id=\"caption-attachment-230\" class=\"wp-caption-text\">El buen tiempo anima a salir de casa y hacer actividades m\u00e1s divertidas con los ni\u00f1os<\/p><\/div>\n<p>\u00bfAfecta a los ni\u00f1os esta negritud climatol\u00f3gica? Yo creo que s\u00ed, por varios motivos. Uno de ellos, yo creo que fundamental, es que el ocio se limita much\u00edsimo. Pr\u00e1cticamente no se puede hacer nada fuera de casa, o hay que buscar <strong>zonas &#8220;indoor&#8221;<\/strong> en donde ni nos mojemos ni nos enfr\u00edemos. Para<strong> enanos s\u00faper enanos<\/strong> existen los parques de bolas, que son como un parque callejero pero en donde no hay que sufrir el viento ni la lluvia. Me han contado que no son especialmente &#8220;glamurosos&#8221;. No puedo opinar porque no he ido. Las actividades culturales son siempre una buena opci\u00f3n para todos. El otro d\u00eda estuvimos en el Gran Teatro de C\u00e1ceres viendo <strong>Alicia en el Pa\u00eds de las Maravillas<\/strong>, una versi\u00f3n musical de esta lis\u00e9rgica historia de Lewis Carroll. De alg\u00fan modo m\u00e1gico consigui\u00f3 que un ni\u00f1o de cerca de dos a\u00f1os y medio, el m\u00edo, permaneciera m\u00e1s de una hora con la boca abierta y <strong>totalmente hipnotizado<\/strong>. A los mayores nos dej\u00f3 un poco fr\u00edos, pero cumpli\u00f3 su funci\u00f3n. Me pregunto cu\u00e1l ser\u00e1 el mejor momento para llevar al ni\u00f1o al cine. Todav\u00eda le veo peque\u00f1o.<\/p>\n<p>Dentro de casa tambi\u00e9n hay muchas cosas que hacer en las largas tardes invernales, pero terminamos recurriendo siempre a los mismos juguetes, a la tele&#8230; Hay que reconocer que las horas se hacen largas y que todos nos ponemos un poco pesados sin ver la luz del d\u00eda.<\/p>\n<p>Quiero <strong>que pase el winter y tambi\u00e9n los resfriados<\/strong>, <a href=\"http:\/\/eltamiz.com\/2009\/01\/20\/%C2%BFpor-que-se-producen-mas-catarros-y-gripes-durante-el-invierno\/\" target=\"_blank\" rel=\"external nofollow\">catarros, mocos y dem\u00e1s<\/a>. Este a\u00f1o no nos hemos librado ni los adultos. Yo a\u00fan ando renqueante despu\u00e9s de varias &#8220;itis&#8221; mordaces: una otitis, una sinusitis&#8230;Tengo la sensaci\u00f3n de que ha habido demasiados constipados y que nos duran m\u00e1s tiempo. Ya son demasiadas ma\u00f1anas saliendo de casa abrigados y pertrechados con el pl\u00e1stico para la lluvia del carro y el paraguas, lo que me aburre mucho y no siempre parece suficiente para evitar que las r\u00e1fagas de viento o la lluvia no nos enfermen.<\/p>\n<div id=\"attachment_231\" style=\"width: 310px\" class=\"wp-caption aligncenter\"><a href=\"\/juegosdeninos\/wp-content\/uploads\/sites\/27\/2013\/03\/Margaris.jpg\"><img aria-describedby=\"caption-attachment-231\" loading=\"lazy\" class=\"size-medium wp-image-231\" title=\"Algunas alergias empiezan a aflorar en primavera\" src=\"\/juegosdeninos\/wp-content\/uploads\/sites\/27\/2013\/03\/Margaris.jpg\" alt=\"Algunas alergias empiezan a aflorar en primavera\" width=\"300\" height=\"201\" srcset=\"https:\/\/static-blogs.hoy.es\/wp-content\/uploads\/sites\/27\/2013\/03\/Margaris.jpg 2004w, https:\/\/static-blogs.hoy.es\/wp-content\/uploads\/sites\/27\/2013\/03\/Margaris-300x201.jpg 300w, https:\/\/static-blogs.hoy.es\/wp-content\/uploads\/sites\/27\/2013\/03\/Margaris-768x515.jpg 768w, https:\/\/static-blogs.hoy.es\/wp-content\/uploads\/sites\/27\/2013\/03\/Margaris-1024x686.jpg 1024w\" sizes=\"(max-width: 300px) 100vw, 300px\" \/><\/a><p id=\"caption-attachment-231\" class=\"wp-caption-text\">Las alergias a los p\u00f3lenes surgen en primavera<\/p><\/div>\n<p>En un plano m\u00e1s fr\u00edvolo tengo que decir que ya me apetece <strong>liberar los armarios de la ropa gorda<\/strong> y tambi\u00e9n ponerle a Pablo cositas m\u00e1s alegres. Sus jerseys ya tienen bolas, despu\u00e9s del largo invierno, y sus cazadoras han recibido un buen tute (han sido arrastradas por todo tipo de suelos) y mucha lavadora. Tengo <strong>un particular problema con los calcetines<\/strong>, y es que por m\u00e1s que hago, siempre los desparejo. Todas las ma\u00f1anas el mismo show. Siete calcetines y todos distintos. El buen tiempo debe librarme de esa particular tortura de desorganizaci\u00f3n dom\u00e9stica. Ay, quiero ver ya las canillas de mi enano <strong>al airecito de la primavera<\/strong>. Sin calcetines y con pantal\u00f3n corto.<\/p>\n<p><a href=\"http:\/\/www.guiainfantil.com\/959\/alimentacion-de-primavera-para-ninos.html\" target=\"_blank\" rel=\"external nofollow\">La alimentaci\u00f3n<\/a> tambi\u00e9n se hace <strong>m\u00e1s fresquita y ligera<\/strong> con el buen tiempo, y tengo ganas. Un simple gazpacho es la cosa m\u00e1s completa que hay, se puede hacer con antelaci\u00f3n y quita la sed y alimenta. La fruta de temporada,\u00a0 los zumos, las ensaladas variadas. Alejarse un poco de los fogones y tener opciones m\u00e1s r\u00e1pidas para comer todos. Y tambi\u00e9n los helados que, aunque no conviene abusar, son una de esas cosas que te pueden arreglar un mal d\u00eda.<\/p>\n<p>Bueno, para dejar de idealizar ese periodo <strong>que no termina de llegar<\/strong>, conviene ser conscientes de que el dicho de que &#8220;la primavera la sangre altera&#8221; se cumple, y que los peque\u00f1os son muy sensibles a las variaciones climatol\u00f3gicas. Tambi\u00e9n irrumpen las alergias y es el momento en el que algunos ni\u00f1os se les &#8220;despiertan&#8221;, es decir, empieza a manifestar s\u00edntomas de alergias a p\u00f3lenes, por ejemplol Hay que tener cuidado con el sol y a los cambios de temperatura de los sitios demasiado refrigerados. Todo eso lo superaremos, pero por ahora&#8230;\u00a1quiero cerrar el paraguas!<\/p>\n<p>&nbsp;<\/p>\n<p>&nbsp;<\/p>\n<p>&nbsp;<\/p>\n<p>&nbsp;<\/p>\n<p>&nbsp;<\/p>\n<p>&nbsp;<\/p>\n<!-- AddThis Advanced Settings generic via filter on the_content --><!-- AddThis Share Buttons generic via filter on the_content -->","protected":false},"excerpt":{"rendered":"<p>He tardado m\u00e1s de un mes en volver a este territorio de &#8216;Juegos de Ni\u00f1os&#8217;. De este par\u00e9ntesis poco que decir, salvo que andaba con la cabeza en otras cosas. Aqu\u00ed estoy, retomando este espacio que no pienso abandonar. No ha acompa\u00f1ado mucho a mi estado de \u00e1nimo este maldito tiempo que ha transformado Extremadura [&hellip;]<!-- AddThis Advanced Settings generic via filter on get_the_excerpt --><!-- AddThis Share Buttons generic via filter on get_the_excerpt --><\/p>\n","protected":false},"author":33,"featured_media":0,"comment_status":"open","ping_status":"closed","sticky":false,"template":"","format":"standard","meta":[],"categories":[7],"tags":[14,40,61,107,141,147,152,155,175,218,230,278,308],"_links":{"self":[{"href":"https:\/\/blogs.hoy.es\/juegosdeninos\/wp-json\/wp\/v2\/posts\/229"}],"collection":[{"href":"https:\/\/blogs.hoy.es\/juegosdeninos\/wp-json\/wp\/v2\/posts"}],"about":[{"href":"https:\/\/blogs.hoy.es\/juegosdeninos\/wp-json\/wp\/v2\/types\/post"}],"author":[{"embeddable":true,"href":"https:\/\/blogs.hoy.es\/juegosdeninos\/wp-json\/wp\/v2\/users\/33"}],"replies":[{"embeddable":true,"href":"https:\/\/blogs.hoy.es\/juegosdeninos\/wp-json\/wp\/v2\/comments?post=229"}],"version-history":[{"count":0,"href":"https:\/\/blogs.hoy.es\/juegosdeninos\/wp-json\/wp\/v2\/posts\/229\/revisions"}],"wp:attachment":[{"href":"https:\/\/blogs.hoy.es\/juegosdeninos\/wp-json\/wp\/v2\/media?parent=229"}],"wp:term":[{"taxonomy":"category","embeddable":true,"href":"https:\/\/blogs.hoy.es\/juegosdeninos\/wp-json\/wp\/v2\/categories?post=229"},{"taxonomy":"post_tag","embeddable":true,"href":"https:\/\/blogs.hoy.es\/juegosdeninos\/wp-json\/wp\/v2\/tags?post=229"}],"curies":[{"name":"wp","href":"https:\/\/api.w.org\/{rel}","templated":true}]}}