{"id":245,"date":"2013-05-23T15:52:23","date_gmt":"2013-05-23T15:52:23","guid":{"rendered":"http:\/\/blogs.hoy.es\/juegosdeninos\/?p=245"},"modified":"2013-05-23T15:52:23","modified_gmt":"2013-05-23T15:52:23","slug":"el-cole-de-los-grandes","status":"publish","type":"post","link":"https:\/\/blogs.hoy.es\/juegosdeninos\/2013\/05\/23\/el-cole-de-los-grandes\/","title":{"rendered":"El cole de los grandes"},"content":{"rendered":"<div id=\"attachment_247\" style=\"width: 310px\" class=\"wp-caption aligncenter\"><a href=\"\/juegosdeninos\/wp-content\/uploads\/sites\/27\/2013\/05\/cole.jpg\"><img aria-describedby=\"caption-attachment-247\" loading=\"lazy\" class=\"size-medium wp-image-247\" title=\"La llegada al colegio es un momento crucial\" src=\"\/juegosdeninos\/wp-content\/uploads\/sites\/27\/2013\/05\/cole.jpg\" alt=\"La llegada al colegio es un momento crucial\" width=\"300\" height=\"199\" srcset=\"https:\/\/static-blogs.hoy.es\/wp-content\/uploads\/sites\/27\/2013\/05\/cole.jpg 4256w, https:\/\/static-blogs.hoy.es\/wp-content\/uploads\/sites\/27\/2013\/05\/cole-300x200.jpg 300w, https:\/\/static-blogs.hoy.es\/wp-content\/uploads\/sites\/27\/2013\/05\/cole-768x511.jpg 768w, https:\/\/static-blogs.hoy.es\/wp-content\/uploads\/sites\/27\/2013\/05\/cole-1024x681.jpg 1024w\" sizes=\"(max-width: 300px) 100vw, 300px\" \/><\/a><p id=\"caption-attachment-247\" class=\"wp-caption-text\">La llegada al colegio es un momento crucial<\/p><\/div>\n<p>Estos d\u00edas andamos <a href=\"http:\/\/escolarizacion.educarex.es\/\" target=\"_blank\" rel=\"external nofollow\"><strong>a la espera de que salgan las listas de escolarizaci\u00f3n<\/strong><\/a> en Extremadura, para saber a qu\u00e9 colegio ir\u00e1 nuestro peque\u00f1ajo el curso que viene. Creo que es el pr\u00f3ximo d\u00eda 31 cuando se hacen p\u00fablicos los resultados. Cruzando los dedos estamos para ver si nos &#8220;dan&#8221; la primera opci\u00f3n. \u00a1Qu\u00e9 mayor, madre m\u00eda! Son las cosas que te hacen pensar en lo r\u00e1pido que pasa el tiempo. Pero, pero&#8230;\u00a1si hace nada empez\u00e1bamos la guarder\u00eda con una avalancha de temores! Bueno, pues ya estamos en puertas del cole. Segundo ciclo de Educaci\u00f3n Infantil, ole.<\/p>\n<p>Lo cierto es que, aunque sea socialmente aceptado que los ni\u00f1os empiezan el colegio a los tres a\u00f1os, en realidad <strong>no es obligatoria la escolarizaci\u00f3n hasta los seis a\u00f1os<\/strong>, cuando empiezan <strong>Primaria<\/strong>. Conozco a familias que optan por retrasar el momento de iniciar el colegio y que prefieren que sus hijos lo hagan m\u00e1s tarde. La sociedad necesita cada vez antes un lugar en el que dejar a los ni\u00f1os, y el sistema educativo ha ido adapt\u00e1ndose a esta demanda.<\/p>\n<p>El inicio del colegio es un momento crucial, tanto para los ni\u00f1os que han asistido la guarde como para los que parten de cero. En ambos casos hay novedades. En el primer caso, el ambiente del colegio es muy distinto del de la guarder\u00eda. Ahora nosotros subimos al ni\u00f1o hasta la puerta del aula, <strong>hablamos con la &#8220;se\u00f1o&#8221; diariamente<\/strong>, llevamos un cuaderno en el que se nos apunta lo que hace cada d\u00eda, las incidencias o lo que va necesitando. Es un mundo entre algodones y bastante familiar.<\/p>\n<p>Imagino que el colegio tendr\u00e1 otra organizaci\u00f3n y todo ser\u00e1 un poco m\u00e1s fr\u00edo. El horario tambi\u00e9n tendr\u00e1 novedades para Pablillo. Ahora entra a las 10 de la ma\u00f1ana y sale a las 14, as\u00ed que el a\u00f1o que viene tendremos que madrugar una hora, porque entran a las nueve. A ver c\u00f3mo nos va, porque ahora tengo que levantarle con gr\u00faa de la cama, <strong>a veces hay bronca<\/strong> y llegamos con el tiempo pegado y despeinaos.\u00a0 Las guardes son muy flexibles en sus horarios, puedes llegar un pel\u00edn antes a recogerle, o un pel\u00edn despu\u00e9s.\u00a0 Tambi\u00e9n <strong>cambiar\u00e1 de compa\u00f1eros<\/strong> y dejar\u00e1 de verles la cara a los ni\u00f1os con los que ha compartido dos cursos. Eso nos da mucha pena, pero tambi\u00e9n confiamos en que comparta aula con peque\u00f1os del barrio y gente conocida. Tambi\u00e9n supondr\u00e1 <strong>un cambio de maestra<\/strong>,\u00a0 nuestra Ana ha dejado el list\u00f3n muy alto, pero hay que confiar en que el nuevo maestro\/a sea profesional y humano, que ambas cosas son importantes en ese oficio. El grupo de la guarde estaba formados por ni\u00f1os nacidos en el \u00faltimos semestre del a\u00f1o, y ahora en el cole compartir\u00e1n aula todos los nacidos en 2010. Mi hijo es de noviembre, de los peque\u00f1ajos, y la diferencia respecto a los de los primeros meses del a\u00f1o debe ser grande.<\/p>\n<p>Para los ni\u00f1os que han estado en casa a lo largo de estos tres a\u00f1os el proceso de adaptaci\u00f3n puede ser duro, pero hay casos en los que no lo es. En el m\u00edo, y aunque hace una &#8220;porr\u00e1&#8221; de a\u00f1os, os cuento que empec\u00e9 el cole de lo m\u00e1s contenta, porque mi hermano y todo mi entorno infantil ya iban, y yo me sent\u00eda super peque\u00f1aja todo el d\u00eda en casa con mi madre.\u00a0 As\u00ed que para mi supuso un salto a la madurez, no ech\u00e9 ni una l\u00e1grima y siempre iba contenta. En esta p\u00e1gina se dan <a href=\"http:\/\/www.todopapas.com\/ninos\/psicologia-infantil\/paso-de-la-guarderia-al-colegio-3423\" target=\"_blank\" rel=\"external nofollow\">consejos<\/a> para que que este momento sea suave y no traum\u00e1tico. Se recomienda ilusionarles con la idea de ir al cole, hablarles de las ventajas que tiene la escuela y mostr\u00e1rselo como un lugar amable y feliz. Hay quien indica que, una vez que se sepa el colegio al que van a ir, se visite con los ni\u00f1os antes de que empiecen.\u00a0 Se establecen <strong>periodos de adaptaci\u00f3n<\/strong> durante los primeros d\u00edas para que la nueva rutina sea adquirida progresivamente y sin sobresaltos. Ya veremos c\u00f3mo nos va en septiembre.<\/p>\n<p>&nbsp;<\/p>\n<p>&nbsp;<\/p>\n<p>&nbsp;<\/p>\n<p>&nbsp;<\/p>\n<!-- AddThis Advanced Settings generic via filter on the_content --><!-- AddThis Share Buttons generic via filter on the_content -->","protected":false},"excerpt":{"rendered":"<p>Estos d\u00edas andamos a la espera de que salgan las listas de escolarizaci\u00f3n en Extremadura, para saber a qu\u00e9 colegio ir\u00e1 nuestro peque\u00f1ajo el curso que viene. Creo que es el pr\u00f3ximo d\u00eda 31 cuando se hacen p\u00fablicos los resultados. Cruzando los dedos estamos para ver si nos &#8220;dan&#8221; la primera opci\u00f3n. \u00a1Qu\u00e9 mayor, madre [&hellip;]<!-- AddThis Advanced Settings generic via filter on get_the_excerpt --><!-- AddThis Share Buttons generic via filter on get_the_excerpt --><\/p>\n","protected":false},"author":33,"featured_media":0,"comment_status":"open","ping_status":"closed","sticky":false,"template":"","format":"standard","meta":[],"categories":[4],"tags":[67,68,94,186,200,290],"_links":{"self":[{"href":"https:\/\/blogs.hoy.es\/juegosdeninos\/wp-json\/wp\/v2\/posts\/245"}],"collection":[{"href":"https:\/\/blogs.hoy.es\/juegosdeninos\/wp-json\/wp\/v2\/posts"}],"about":[{"href":"https:\/\/blogs.hoy.es\/juegosdeninos\/wp-json\/wp\/v2\/types\/post"}],"author":[{"embeddable":true,"href":"https:\/\/blogs.hoy.es\/juegosdeninos\/wp-json\/wp\/v2\/users\/33"}],"replies":[{"embeddable":true,"href":"https:\/\/blogs.hoy.es\/juegosdeninos\/wp-json\/wp\/v2\/comments?post=245"}],"version-history":[{"count":0,"href":"https:\/\/blogs.hoy.es\/juegosdeninos\/wp-json\/wp\/v2\/posts\/245\/revisions"}],"wp:attachment":[{"href":"https:\/\/blogs.hoy.es\/juegosdeninos\/wp-json\/wp\/v2\/media?parent=245"}],"wp:term":[{"taxonomy":"category","embeddable":true,"href":"https:\/\/blogs.hoy.es\/juegosdeninos\/wp-json\/wp\/v2\/categories?post=245"},{"taxonomy":"post_tag","embeddable":true,"href":"https:\/\/blogs.hoy.es\/juegosdeninos\/wp-json\/wp\/v2\/tags?post=245"}],"curies":[{"name":"wp","href":"https:\/\/api.w.org\/{rel}","templated":true}]}}