{"id":249,"date":"2013-06-26T11:00:31","date_gmt":"2013-06-26T11:00:31","guid":{"rendered":"http:\/\/blogs.hoy.es\/juegosdeninos\/?p=249"},"modified":"2013-06-26T11:00:31","modified_gmt":"2013-06-26T11:00:31","slug":"ellos-tambien-quieren-sus-gafas-de-sol","status":"publish","type":"post","link":"https:\/\/blogs.hoy.es\/juegosdeninos\/2013\/06\/26\/ellos-tambien-quieren-sus-gafas-de-sol\/","title":{"rendered":"Ellos tambi\u00e9n quieren sus gafas de sol"},"content":{"rendered":"<div id=\"attachment_250\" style=\"width: 210px\" class=\"wp-caption aligncenter\"><a href=\"\/juegosdeninos\/wp-content\/uploads\/sites\/27\/2013\/06\/sunglasses.jpg\"><img aria-describedby=\"caption-attachment-250\" loading=\"lazy\" class=\"size-medium wp-image-250\" title=\"Las gafas protegen a los ni\u00f1os de la radiaci\u00f3n solar\" src=\"\/juegosdeninos\/wp-content\/uploads\/sites\/27\/2013\/06\/sunglasses.jpg\" alt=\"Las gafas protegen a los ni\u00f1os de la radiaci\u00f3n solar\" width=\"200\" height=\"300\" srcset=\"https:\/\/static-blogs.hoy.es\/wp-content\/uploads\/sites\/27\/2013\/06\/sunglasses.jpg 4032w, https:\/\/static-blogs.hoy.es\/wp-content\/uploads\/sites\/27\/2013\/06\/sunglasses-200x300.jpg 200w, https:\/\/static-blogs.hoy.es\/wp-content\/uploads\/sites\/27\/2013\/06\/sunglasses-768x1152.jpg 768w, https:\/\/static-blogs.hoy.es\/wp-content\/uploads\/sites\/27\/2013\/06\/sunglasses-683x1024.jpg 683w\" sizes=\"(max-width: 200px) 100vw, 200px\" \/><\/a><p id=\"caption-attachment-250\" class=\"wp-caption-text\">No hay que dejarse llevar por la est\u00e9tica a la hora de elegir gafas de sol<\/p><\/div>\n<p>Hace cuatro a\u00f1os, en un viaje por la <strong>Breta\u00f1a frances<\/strong>a nos llam\u00f3 la atenci\u00f3n que la mayor parte de los beb\u00e9s llevaban <strong>gafas de sol<\/strong>. Lo cierto es que tambi\u00e9n nos percatamos (y eso que a\u00fan no \u00e9ramos padres) de usos y costumbres con los ni\u00f1os que nos gustaron mucho. Se utilizaban muchos porta-beb\u00e9s, hab\u00eda muchas zonas infantiles y vimos a los padres en una actitud muy relajada con sus hijos. Me encantaron los pic-nic familiares con mantel de cuadros y productos con una pinta estupenda (quesos, pat\u00e9s&#8230;) Oh, la France!<\/p>\n<p><strong>\u00bfEs una frivolidad lo de las gafas de sol?<\/strong> Consultando en distintas p\u00e1ginas y a expertos parece ser muy \u00fatil proteger la salud ocular de los ni\u00f1os, y a veces es necesario algo m\u00e1s que una simple gorra. Hay zonas, como Extremadura, con una gran radiaci\u00f3n ultravioleta. Al parecer, hasta los 10 o 12 a\u00f1os <strong>el cristalino de los ni\u00f1os es casi transparente<\/strong>, por lo que absorben todos los rayos solares.\u00a0 Igual que las de mayores, estas gafas crean una barrera que protege contra la luz solar y contra el viento. Pese a que la mayor\u00eda de los modelos est\u00e1n creados en tonos coloristas y dise\u00f1os graciosos, eso no les exime de cumplir con todas las normativas. Deben llevar <strong>el sello de la comunidad europea<\/strong> e indicar el tipo de filtro del que constan. En <a href=\"http:\/\/www.bebesymas.com\/consejos\/consejos-para-comprar-gafas-de-sol-infantiles\" target=\"_blank\" rel=\"external nofollow\">esta p\u00e1gin<\/a>a se habla sobre los distintos \u00edndices de protecci\u00f3n. Lo ideal, cuentan, es que no sea ni muy alto ni muy bajo.<\/p>\n<p>Las <strong>\u00f3pticas<\/strong> son el mejor lugar para hacerse con ellas. Hay que pasar de mercadillos, tenderetes y otros lugares informales, por m\u00e1s suculentos que resulten los precios.<\/p>\n<p>Me cuentan que es muy importante prob\u00e1rselas y que su adquisici\u00f3n no se convierta solamente en una cuesti\u00f3n est\u00e9tica. La mayor parte de gafas para ni\u00f1os peque\u00f1os, sobre todo para los m\u00e1s chiquitines, lleva <strong>una goma en la parte posterior<\/strong>. Tambi\u00e9n hay sistemas que hacen que las patillas sea ajustable. Hay que ver que no se les deslicen por la naricilla y que no les resulten inc\u00f3modas. Lo ideal ser\u00eda que se sientan como si no las las llevaran. Hace unas semanas estuvimos viendo gafas. Los modelos no me convencieron, pero el ni\u00f1o estaba encantado y dec\u00eda que se ve\u00eda \u201cmuy bien\u201d. 40 euros costaban un par de mini gafitas. <strong>Me parecieron caras<\/strong> y contin\u00faa la b\u00fasqueda, pero ya va siendo hora, que <strong>el sol est\u00e1 en todo lo alto<\/strong>. Pablo me recuerda pr\u00e1cticamente todos los d\u00edas que quedamos en comprarle unas.<\/p>\n<!-- AddThis Advanced Settings generic via filter on the_content --><!-- AddThis Share Buttons generic via filter on the_content -->","protected":false},"excerpt":{"rendered":"<p>Hace cuatro a\u00f1os, en un viaje por la Breta\u00f1a francesa nos llam\u00f3 la atenci\u00f3n que la mayor parte de los beb\u00e9s llevaban gafas de sol. Lo cierto es que tambi\u00e9n nos percatamos (y eso que a\u00fan no \u00e9ramos padres) de usos y costumbres con los ni\u00f1os que nos gustaron mucho. Se utilizaban muchos porta-beb\u00e9s, hab\u00eda [&hellip;]<!-- AddThis Advanced Settings generic via filter on get_the_excerpt --><!-- AddThis Share Buttons generic via filter on get_the_excerpt --><\/p>\n","protected":false},"author":33,"featured_media":0,"comment_status":"open","ping_status":"closed","sticky":false,"template":"","format":"standard","meta":[],"categories":[5],"tags":[88,138,143,198,220,233,264],"_links":{"self":[{"href":"https:\/\/blogs.hoy.es\/juegosdeninos\/wp-json\/wp\/v2\/posts\/249"}],"collection":[{"href":"https:\/\/blogs.hoy.es\/juegosdeninos\/wp-json\/wp\/v2\/posts"}],"about":[{"href":"https:\/\/blogs.hoy.es\/juegosdeninos\/wp-json\/wp\/v2\/types\/post"}],"author":[{"embeddable":true,"href":"https:\/\/blogs.hoy.es\/juegosdeninos\/wp-json\/wp\/v2\/users\/33"}],"replies":[{"embeddable":true,"href":"https:\/\/blogs.hoy.es\/juegosdeninos\/wp-json\/wp\/v2\/comments?post=249"}],"version-history":[{"count":0,"href":"https:\/\/blogs.hoy.es\/juegosdeninos\/wp-json\/wp\/v2\/posts\/249\/revisions"}],"wp:attachment":[{"href":"https:\/\/blogs.hoy.es\/juegosdeninos\/wp-json\/wp\/v2\/media?parent=249"}],"wp:term":[{"taxonomy":"category","embeddable":true,"href":"https:\/\/blogs.hoy.es\/juegosdeninos\/wp-json\/wp\/v2\/categories?post=249"},{"taxonomy":"post_tag","embeddable":true,"href":"https:\/\/blogs.hoy.es\/juegosdeninos\/wp-json\/wp\/v2\/tags?post=249"}],"curies":[{"name":"wp","href":"https:\/\/api.w.org\/{rel}","templated":true}]}}