{"id":253,"date":"2013-08-23T15:18:32","date_gmt":"2013-08-23T15:18:32","guid":{"rendered":"http:\/\/blogs.hoy.es\/juegosdeninos\/?p=253"},"modified":"2013-08-23T15:18:32","modified_gmt":"2013-08-23T15:18:32","slug":"en-visperas","status":"publish","type":"post","link":"https:\/\/blogs.hoy.es\/juegosdeninos\/2013\/08\/23\/en-visperas\/","title":{"rendered":"En v\u00edsperas del primer d\u00eda en el cole"},"content":{"rendered":"<div id=\"attachment_254\" style=\"width: 310px\" class=\"wp-caption aligncenter\"><a href=\"\/juegosdeninos\/wp-content\/uploads\/sites\/27\/2013\/08\/MATERIAL1.jpg\"><img aria-describedby=\"caption-attachment-254\" loading=\"lazy\" class=\"size-medium wp-image-254\" title=\"Un cargamento de material acompa\u00f1a a los ni\u00f1os en su inicio de curso\" src=\"\/juegosdeninos\/wp-content\/uploads\/sites\/27\/2013\/08\/MATERIAL1.jpg\" alt=\"Un cargamento de material acompa\u00f1a a los ni\u00f1os en su inicio de curso\" width=\"300\" height=\"199\" srcset=\"https:\/\/static-blogs.hoy.es\/wp-content\/uploads\/sites\/27\/2013\/08\/MATERIAL1.jpg 4288w, https:\/\/static-blogs.hoy.es\/wp-content\/uploads\/sites\/27\/2013\/08\/MATERIAL1-300x199.jpg 300w, https:\/\/static-blogs.hoy.es\/wp-content\/uploads\/sites\/27\/2013\/08\/MATERIAL1-768x510.jpg 768w, https:\/\/static-blogs.hoy.es\/wp-content\/uploads\/sites\/27\/2013\/08\/MATERIAL1-1024x680.jpg 1024w\" sizes=\"(max-width: 300px) 100vw, 300px\" \/><\/a><p id=\"caption-attachment-254\" class=\"wp-caption-text\">Los ni\u00f1os llegan al cole con un cargamento de material<\/p><\/div>\n<p id=\"yui_3_7_2_1_1377269894159_2460\"><strong>12 de septiembre<\/strong> a una hora a\u00fan por determinar. Ese es <strong>nuestro d\u00eda D<\/strong>, la fecha en la que el peque\u00f1o iniciar\u00e1 su aventura escolar en Primero de Infantil, a sus casi 3 a\u00f1os. Nos adentramos en las procelosas aguas de la Educaci\u00f3n P\u00fablica, sin miedo y con confianza a pesar de la paranoia generalizada sobre el deterioro masivo de lo p\u00fablico. Despu\u00e9s de una agitada fase de matriculaci\u00f3n (entr\u00f3 por sorteo y le \u2018toc\u00f3\u2019 la \u00faltima plaza disponible), olvidados ya los sinsabores de un proceso kafkiano, tras las vacaciones <strong>nos hemos puesto las pilas para equipar al nuevo escolar<\/strong> con todo lo necesario para ir absorbiendo conocimientos. \u00c9l ya est\u00e1 un poco a la expectativa con \u201cel cole de los mayores\u201d. En el \u201ccole de los peque\u00f1os\u201d, la guarde, ha pasado dos cursos fogue\u00e1ndose en sus primeras relaciones sociales y aprendiendo cositas.<\/p>\n<p id=\"yui_3_7_2_1_1377269894159_2466\">Que el saber no ocupa lugar es una verdad a medias. Una caja con un peso considerable guarda el material que ya hemos comprado y que integra la lista que nos dieron cuando hicimos la matr\u00edcula en julio: <strong>carpetas, pegamento, folios, papel para trabajos manuales, tijeras, goma, sacapuntas, pinceles, sobres, kleenex, papel de cocina, toallitas h\u00famedas, ceras gruesas, finas, rotuladores, un l\u00e1piz<\/strong>\u2026No es que tenga una complicaci\u00f3n extrema ir a la papeler\u00eda y comprarlo todo, pero s\u00ed hay que cumplir ciertos requisitos de marcas y tama\u00f1os que te pueden hacer tener que visitar m\u00e1s que una tienda.<\/p>\n<p id=\"yui_3_7_2_1_1377269894159_2467\">Entre las fotos de carn\u00e9 y el material escolar hemos gastado <strong>unos 40 euros<\/strong>. El baby nos ha costado <strong>15<\/strong> y los libros, <strong>95<\/strong>. Son tres cajas trimestrales con conceptos muy b\u00e1sicos, figuras troqueladas, piezas y un claro enfoque l\u00fadico. En total hemos hecho una \u201cinversi\u00f3n\u201d de <strong>unos 150 euros<\/strong> en lo que yo considero que puede ser el m\u00ednimo teniendo en cuenta que en nuestro centro no hay uniforme y que nos ahorramos el libro de Religi\u00f3n. Eso s\u00ed, tendremos que equiparle de <strong>ropa y calzado suficiente<\/strong> para aguantar el trote diario, un gasto que probablemente sea mayor que el de la ropa \u201coficial\u201d de los colegios con uniforme, generalmente privados y concertados. Aunque hay \u201ctrajes escolares\u201d que me parecen un poco decimon\u00f3nicos y no s\u00e9 si del todo c\u00f3modos, hay que reconocer que debe facilitar bastante la vida familiar saber qu\u00e9 se va a poner el ni\u00f1o por la ma\u00f1ana a diario. Y adem\u00e1s, as\u00ed no hay bullas.<\/p>\n<p id=\"yui_3_7_2_1_1377269894159_2468\">Y por ahora esto es todo lo que sabemos. Hay que entregar todo el material el pr\u00f3ximo 4 de septiembre y tenemos una reuni\u00f3n el 10, dos d\u00edas antes de que empiece el curso. All\u00ed nos explicar\u00e1n los detalles del proceso de adaptaci\u00f3n, por el que los ni\u00f1os van empezando poco a poco, para que no se colapsen. Igualito que cuando yo empec\u00e9 el cole, cuando arrancaba la d\u00e9cada de los 80 y eso era la guerra.<\/p>\n<!-- AddThis Advanced Settings generic via filter on the_content --><!-- AddThis Share Buttons generic via filter on the_content -->","protected":false},"excerpt":{"rendered":"<p>12 de septiembre a una hora a\u00fan por determinar. Ese es nuestro d\u00eda D, la fecha en la que el peque\u00f1o iniciar\u00e1 su aventura escolar en Primero de Infantil, a sus casi 3 a\u00f1os. Nos adentramos en las procelosas aguas de la Educaci\u00f3n P\u00fablica, sin miedo y con confianza a pesar de la paranoia generalizada [&hellip;]<!-- AddThis Advanced Settings generic via filter on get_the_excerpt --><!-- AddThis Share Buttons generic via filter on get_the_excerpt --><\/p>\n","protected":false},"author":33,"featured_media":0,"comment_status":"open","ping_status":"closed","sticky":false,"template":"","format":"standard","meta":[],"categories":[2,4],"tags":[51,68,93,123,139,178,213,280,318],"_links":{"self":[{"href":"https:\/\/blogs.hoy.es\/juegosdeninos\/wp-json\/wp\/v2\/posts\/253"}],"collection":[{"href":"https:\/\/blogs.hoy.es\/juegosdeninos\/wp-json\/wp\/v2\/posts"}],"about":[{"href":"https:\/\/blogs.hoy.es\/juegosdeninos\/wp-json\/wp\/v2\/types\/post"}],"author":[{"embeddable":true,"href":"https:\/\/blogs.hoy.es\/juegosdeninos\/wp-json\/wp\/v2\/users\/33"}],"replies":[{"embeddable":true,"href":"https:\/\/blogs.hoy.es\/juegosdeninos\/wp-json\/wp\/v2\/comments?post=253"}],"version-history":[{"count":0,"href":"https:\/\/blogs.hoy.es\/juegosdeninos\/wp-json\/wp\/v2\/posts\/253\/revisions"}],"wp:attachment":[{"href":"https:\/\/blogs.hoy.es\/juegosdeninos\/wp-json\/wp\/v2\/media?parent=253"}],"wp:term":[{"taxonomy":"category","embeddable":true,"href":"https:\/\/blogs.hoy.es\/juegosdeninos\/wp-json\/wp\/v2\/categories?post=253"},{"taxonomy":"post_tag","embeddable":true,"href":"https:\/\/blogs.hoy.es\/juegosdeninos\/wp-json\/wp\/v2\/tags?post=253"}],"curies":[{"name":"wp","href":"https:\/\/api.w.org\/{rel}","templated":true}]}}