{"id":255,"date":"2013-09-13T11:52:37","date_gmt":"2013-09-13T11:52:37","guid":{"rendered":"http:\/\/blogs.hoy.es\/juegosdeninos\/?p=255"},"modified":"2013-09-13T11:52:37","modified_gmt":"2013-09-13T11:52:37","slug":"empezamos-el-curso","status":"publish","type":"post","link":"https:\/\/blogs.hoy.es\/juegosdeninos\/2013\/09\/13\/empezamos-el-curso\/","title":{"rendered":"\u00a1Empezamos el curso!"},"content":{"rendered":"<div id=\"yui_3_7_2_1_1379071523753_7136\">\u00a1Ya hemos empezado el cole! Creo que recordar\u00e9 el primer d\u00eda de escuela del ni\u00f1o como <strong>el que me hice definitivamente mayor<\/strong>. \u00a1Ya soy una madre llevando al colegio a su hijo, eso s\u00ed que es un grado! Podr\u00eda caer en todos los t\u00f3picos habidos y por haber y no parar\u00eda\u2026\u00a1estoy chocha, y no lo niego! A pesar de los temores, de <strong>los rigores que impone la ense\u00f1anza p\u00fablica de Wert<\/strong>, espero y conf\u00edo en que estos ni\u00f1os reciban un buen bagaje para el resto de su vida, tanto de conocimientos como de valores.<\/div>\n<div><\/div>\n<div id=\"yui_3_7_2_1_1379071523753_7137\">Aqu\u00ed va el balance: no hubo bulla el primer d\u00eda de clase, todo transcurri\u00f3 con normalidad. El ni\u00f1o ejerci\u00f3 un poco de resistencia a entrar a clase al principio pero despu\u00e9s, seg\u00fan nos contaron, estuvo bien. Casi ning\u00fan ni\u00f1o llor\u00f3. <strong>Est\u00e1n hechos de acero estos cachorros de tres a\u00f1os<\/strong>, tienen m\u00e1s mundo que mi abuela a los 80. Al recogerle, por la ventana le vi haciendo un trenecito de salida, en el vag\u00f3n de cola, piiii-piiiii, y cuando nos vio nos ech\u00f3 una sonrisa de esas capaces de deshacer un glaciar entero. \u00a1Qu\u00e9 pastelada! \u00a1Un babero para esta mami!<\/div>\n<div><\/div>\n<div id=\"yui_3_7_2_1_1379071523753_7139\">\n<div id=\"attachment_256\" style=\"width: 310px\" class=\"wp-caption aligncenter\"><a href=\"\/juegosdeninos\/wp-content\/uploads\/sites\/27\/2013\/09\/clase.jpg\"><img aria-describedby=\"caption-attachment-256\" loading=\"lazy\" class=\"size-medium wp-image-256\" title=\"El inicio de curso, toda una aventura\" src=\"\/juegosdeninos\/wp-content\/uploads\/sites\/27\/2013\/09\/clase.jpg\" alt=\"El inicio de curso, toda una aventura\" width=\"300\" height=\"188\" srcset=\"https:\/\/static-blogs.hoy.es\/wp-content\/uploads\/sites\/27\/2013\/09\/clase.jpg 4256w, https:\/\/static-blogs.hoy.es\/wp-content\/uploads\/sites\/27\/2013\/09\/clase-300x189.jpg 300w, https:\/\/static-blogs.hoy.es\/wp-content\/uploads\/sites\/27\/2013\/09\/clase-768x483.jpg 768w, https:\/\/static-blogs.hoy.es\/wp-content\/uploads\/sites\/27\/2013\/09\/clase-1024x644.jpg 1024w\" sizes=\"(max-width: 300px) 100vw, 300px\" \/><\/a><p id=\"caption-attachment-256\" class=\"wp-caption-text\">Los m\u00e1s peque\u00f1os vuelven al colegio<\/p><\/div>\n<p>Antes del 12 de septiembre tuvimos una reuni\u00f3n con la se\u00f1o, y la semana anterior hab\u00edamos pasado por el centro para dejar el material, <strong>una caja de un tama\u00f1o considerable con todo tipo de cosas<\/strong>, hasta pa\u00f1uelos de papel para los mocos. Da la impresi\u00f3n de que cada vez m\u00e1s los recursos salen del bolsillo de los padres. La reuni\u00f3n estuvo interesante: cuestiones de funcionamiento b\u00e1sicas para que todo vaya rodado. Algunas son cosas elementales, como llevarles con pantalones &#8220;f\u00e1ciles&#8221; que puedan bajarse ellos para facilitar la operaci\u00f3n pis y caca.<\/div>\n<div><\/div>\n<div><a href=\"http:\/\/enclaseconmarisa.blogspot.com.es\/\" target=\"_blank\" rel=\"external nofollow\">La maestra<\/a> tiene unos principios que me han gustado, el fundamental es el de que los ni\u00f1os tienen que ser <strong>felices en la escuela<\/strong>. Yo tambi\u00e9n creo que esa es la mejor puerta para el aprendizaje. Lo cierto es que, a pesar de los fallos que aquejan a nuestro sistema educativo, estos d\u00edas compruebo lo que se ha mejorado. Mi cabeza vuelve a la escuela de los 80 en la que me toc\u00f3 estudiar y el paisaje que evoco es \u00e1rido e incluso triste: <strong>clases sobrecargadas, se\u00f1os que nos gritaban, un muro infranqueable entre colegio y hogar<\/strong>\u2026y a pesar de todo nos lo pas\u00e1bamos bien, as\u00ed es la infancia, esa regi\u00f3n feliz de la vida. Pablo comparte clase con otros 24, que son un mont\u00f3n. Creo que la mitad ser\u00eda la cifra ideal, pero a ver cuando se logra esa quimera. De <a href=\"http:\/\/cppracticas.juntaextremadura.net\/\" target=\"_blank\" rel=\"external nofollow\">cole que hemos elegido<\/a> (y que nos ha elegido) me gusta la diversidad social y que me pilla tan cerquita de casa y del trabajo que me parece un sue\u00f1o.<\/div>\n<div><\/div>\n<div id=\"yui_3_7_2_1_1379071523753_7140\">Ahora andamos inmersos en la <strong>pol\u00e9mica fase de adaptaci\u00f3n<\/strong>. Digo pol\u00e9mica porque se habla mucho del tema y no a todos los padres les parece bien. Es cierto que es un disloque que hasta el 30 de septiembre no cumplan el horario normal, de 9 a 14, y que sin abuelos o familiares que est\u00e9n cerca debe de ser mucho m\u00e1s cuesta arriba, pero por otro lado, parece una f\u00f3rmula para que <strong>la adaptaci\u00f3n sea progresiva y segura<\/strong>. Estos dos primeros d\u00edas de clase y toda la semana que viene hay una hora y media de clase, y el grupo est\u00e1 dividido en dos. La siguiente, dos d\u00edas dos horas y media y tres d\u00edas cuatro horas, ya los 25 juntos.<strong> Cada colegio tiene sus f\u00f3rmulas<\/strong>. Incluso he oido que algunos coles concertados prescinden de este periodo, y enseguida empiezan a saco. Son f\u00f3rmulas. Lo bueno es que el a\u00f1o que viene esa adaptaci\u00f3n ser\u00e1 m\u00e1s r\u00e1pida.<\/div>\n<!-- AddThis Advanced Settings generic via filter on the_content --><!-- AddThis Share Buttons generic via filter on the_content -->","protected":false},"excerpt":{"rendered":"<p>\u00a1Ya hemos empezado el cole! Creo que recordar\u00e9 el primer d\u00eda de escuela del ni\u00f1o como el que me hice definitivamente mayor. \u00a1Ya soy una madre llevando al colegio a su hijo, eso s\u00ed que es un grado! Podr\u00eda caer en todos los t\u00f3picos habidos y por haber y no parar\u00eda\u2026\u00a1estoy chocha, y no lo [&hellip;]<!-- AddThis Advanced Settings generic via filter on get_the_excerpt --><!-- AddThis Share Buttons generic via filter on get_the_excerpt --><\/p>\n","protected":false},"author":33,"featured_media":0,"comment_status":"open","ping_status":"closed","sticky":false,"template":"","format":"standard","meta":[],"categories":[3,4],"tags":[28,68,186,239,256,278],"_links":{"self":[{"href":"https:\/\/blogs.hoy.es\/juegosdeninos\/wp-json\/wp\/v2\/posts\/255"}],"collection":[{"href":"https:\/\/blogs.hoy.es\/juegosdeninos\/wp-json\/wp\/v2\/posts"}],"about":[{"href":"https:\/\/blogs.hoy.es\/juegosdeninos\/wp-json\/wp\/v2\/types\/post"}],"author":[{"embeddable":true,"href":"https:\/\/blogs.hoy.es\/juegosdeninos\/wp-json\/wp\/v2\/users\/33"}],"replies":[{"embeddable":true,"href":"https:\/\/blogs.hoy.es\/juegosdeninos\/wp-json\/wp\/v2\/comments?post=255"}],"version-history":[{"count":0,"href":"https:\/\/blogs.hoy.es\/juegosdeninos\/wp-json\/wp\/v2\/posts\/255\/revisions"}],"wp:attachment":[{"href":"https:\/\/blogs.hoy.es\/juegosdeninos\/wp-json\/wp\/v2\/media?parent=255"}],"wp:term":[{"taxonomy":"category","embeddable":true,"href":"https:\/\/blogs.hoy.es\/juegosdeninos\/wp-json\/wp\/v2\/categories?post=255"},{"taxonomy":"post_tag","embeddable":true,"href":"https:\/\/blogs.hoy.es\/juegosdeninos\/wp-json\/wp\/v2\/tags?post=255"}],"curies":[{"name":"wp","href":"https:\/\/api.w.org\/{rel}","templated":true}]}}