{"id":281,"date":"2015-03-17T12:47:11","date_gmt":"2015-03-17T12:47:11","guid":{"rendered":"http:\/\/blogs.hoy.es\/juegosdeninos\/?p=275"},"modified":"2015-03-17T12:47:11","modified_gmt":"2015-03-17T12:47:11","slug":"padres-del-mundo-unios","status":"publish","type":"post","link":"https:\/\/blogs.hoy.es\/juegosdeninos\/2015\/03\/17\/padres-del-mundo-unios\/","title":{"rendered":"Padres del mundo, un\u00edos"},"content":{"rendered":"<div id=\"attachment_276\" style=\"width: 310px\" class=\"wp-caption aligncenter\"><a href=\"\/juegosdeninos\/wp-content\/uploads\/sites\/27\/2015\/03\/PADRES.jpg\"><img aria-describedby=\"caption-attachment-276\" loading=\"lazy\" class=\"size-medium wp-image-276\" title=\"El rol de los padres es muy diferente a c\u00f3mo era hace unas d\u00e9cadas\" src=\"\/juegosdeninos\/wp-content\/uploads\/sites\/27\/2015\/03\/PADRES.jpg\" alt=\"El rol de los padres es muy diferente a c\u00f3mo era hace unas d\u00e9cadas\" width=\"300\" height=\"192\" \/><\/a><p id=\"caption-attachment-276\" class=\"wp-caption-text\">Los padres dan el callo en el desarrollo de sus roles<\/p><\/div>\n<p align=\"JUSTIFY\">En un par de jornadas se celebra <strong>el d\u00eda de San Jos\u00e9<\/strong>, padre putativo por definici\u00f3n, aunque suene fatal. En el calendario es algo err\u00e1tico, vol\u00e1til, que unos a\u00f1os es festivo y otros no, de quita y pon. Una celebraci\u00f3n menor, sin ofender a los padres del mundo. Estos d\u00edas tan comerciales dan pereza, aunque tengan la virtud de resaltar las funciones y el valor de los roles familiares. <strong>Un padre es algo muy grande<\/strong>, aunque socialmente a\u00fan contin\u00fae relegado ante la poderosa, onmipresente y abrumadora figura de la madre, \u00a1ay las &#8216;mammas&#8217;!. A veces podemos llegar a ser muy plastas. Por whatsapp o en directo cargamos.<\/p>\n<p align=\"JUSTIFY\">Las a\u00fan malas pol\u00edticas de conciliaci\u00f3n laboral, el paro, que afecta mucho m\u00e1s a las mujeres que a los hombres o nuestra contin\u00faa obsesi\u00f3n por querer llevar la voz cantante en ciertos asuntos hacen que a\u00fan sean las madres las que, al menos los primeros a\u00f1os de vida de sus hijos, est\u00e9n mucho m\u00e1s cerca de ellos. No tengo datos cient\u00edficos en la mano, pero no hay m\u00e1s que irse a a la puerta de un colegio para comprobar que <strong>al menos un 80% de las personas que esperan a los ni\u00f1os son mujeres<\/strong>. Son las que suelen ir al m\u00e9dico, comprar la ropa o dar de comer a los pollitos. Eso no significa que no se haya remodelado esa figura a\u00f1os 50 de padre que delegaba todas sus funciones en la amant\u00edsima esposa. Est\u00e1 claro que <strong>los padres de ahora dan el callo<\/strong>, pero a\u00fan hay caminos que no se abordan masivamente, como modificar el horario de trabajo para cuidar a los ni\u00f1os o intentar tomarse un tiempo extra. Conozco a algunos que lo han hecho y para ellos mis loas m\u00e1s sinceras de admiraci\u00f3n. <strong>Necesitamos hombres as\u00ed m\u00e1s que tipo Christian Grey.<\/strong><\/p>\n<p align=\"JUSTIFY\">\u00bfEs muy distinto ser padre o ser madre? Creo que no, aunque a veces tenemos tan incrustados los roles de g\u00e9nero y culturales, que hacemos cosas raras. Excepto amamantar, un padre deber\u00eda poder hacer todo y no quedar, como me cuentan algunas madres, para \u201cjugar\u201d con los ni\u00f1os o ense\u00f1arles cosas. O para pasearles mientras la madre limpiotea la casa. <strong>En tiempos remotos los padres eran la figura de autoridad<\/strong>. \u201cVer\u00e1s cuando se lo cuente a tu padre\u201d, retumbaba en esas casas con papeles pintados de medallones de la d\u00e9cada de los 70. Y el padre llegaba, se pon\u00eda muy serio y pegaba un gran alarido o incluso azotaba a ese ni\u00f1o que se hab\u00eda portado mal. Creo que esto ya ha desparecido.<\/p>\n<p align=\"JUSTIFY\"><strong>En muchos colegios se ha suprimido la elaboraci\u00f3n de trabajos manuales para el d\u00eda del padre<\/strong>, pero tambi\u00e9n para el d\u00eda de la madre. En el de mi hijo se hace un trabajo el 15 de mayo, que es el d\u00eda de la familia. Es l\u00f3gico pensar que no todo el mundo tiene padre o madre, a veces se tienen dos padres o dos madres, o la pareja est\u00e1 separada y entregar el regalo a uno de los progenitores es motivo de pelea. Lo que s\u00ed tiene todo el mundo es familia, familia en un sentido amplio, un n\u00facleo de amor de apoyo y respaldo.<\/p>\n<p align=\"JUSTIFY\">Para terminar estas r\u00e1pidas reflexiones paterno filiales, me gustar\u00eda recomendar dos libros que le\u00ed recientemente y que ensalzan la figura del padre. Ambos tienen tanta ternura y tanta verdad que merece la pena sumergirse en ellos para amar m\u00e1s a esos hombres a los que les debemos la mitad de nuestra existencia.<em> &#8216;El olvido que seremos&#8217;<\/em>, de Hector Abad Faciolince, hace un impresionante homenaje al doctor Hector Abad (1921-1987), un padre diferente: \u201cCristiano en religi\u00f3n, marxista en econom\u00eda y liberal en pol\u00edtica\u201d. Fue asesinado en Colombia por los paramilitares por su arriesgado compromiso social. El segundo libro es <em>&#8216;Hablar Solos&#8217;<\/em> de Andr\u00e9s Neuman, una preciosa historia de un padre y un hijo durante un particular viaje.<\/p>\n<p align=\"JUSTIFY\">\n<!-- AddThis Advanced Settings generic via filter on the_content --><!-- AddThis Share Buttons generic via filter on the_content -->","protected":false},"excerpt":{"rendered":"<p>En un par de jornadas se celebra el d\u00eda de San Jos\u00e9, padre putativo por definici\u00f3n, aunque suene fatal. En el calendario es algo err\u00e1tico, vol\u00e1til, que unos a\u00f1os es festivo y otros no, de quita y pon. Una celebraci\u00f3n menor, sin ofender a los padres del mundo. Estos d\u00edas tan comerciales dan pereza, aunque [&hellip;]<!-- AddThis Advanced Settings generic via filter on get_the_excerpt --><!-- AddThis Share Buttons generic via filter on get_the_excerpt --><\/p>\n","protected":false},"author":33,"featured_media":0,"comment_status":"open","ping_status":"closed","sticky":false,"template":"","format":"standard","meta":[],"categories":[3,4],"tags":[31,68,77,169,225,313],"_links":{"self":[{"href":"https:\/\/blogs.hoy.es\/juegosdeninos\/wp-json\/wp\/v2\/posts\/281"}],"collection":[{"href":"https:\/\/blogs.hoy.es\/juegosdeninos\/wp-json\/wp\/v2\/posts"}],"about":[{"href":"https:\/\/blogs.hoy.es\/juegosdeninos\/wp-json\/wp\/v2\/types\/post"}],"author":[{"embeddable":true,"href":"https:\/\/blogs.hoy.es\/juegosdeninos\/wp-json\/wp\/v2\/users\/33"}],"replies":[{"embeddable":true,"href":"https:\/\/blogs.hoy.es\/juegosdeninos\/wp-json\/wp\/v2\/comments?post=281"}],"version-history":[{"count":0,"href":"https:\/\/blogs.hoy.es\/juegosdeninos\/wp-json\/wp\/v2\/posts\/281\/revisions"}],"wp:attachment":[{"href":"https:\/\/blogs.hoy.es\/juegosdeninos\/wp-json\/wp\/v2\/media?parent=281"}],"wp:term":[{"taxonomy":"category","embeddable":true,"href":"https:\/\/blogs.hoy.es\/juegosdeninos\/wp-json\/wp\/v2\/categories?post=281"},{"taxonomy":"post_tag","embeddable":true,"href":"https:\/\/blogs.hoy.es\/juegosdeninos\/wp-json\/wp\/v2\/tags?post=281"}],"curies":[{"name":"wp","href":"https:\/\/api.w.org\/{rel}","templated":true}]}}