{"id":37,"date":"2012-04-17T09:26:37","date_gmt":"2012-04-17T09:26:37","guid":{"rendered":"http:\/\/blogs.hoy.es\/juegosdeninos\/?p=37"},"modified":"2012-04-17T09:26:37","modified_gmt":"2012-04-17T09:26:37","slug":"titeres-para-todos","status":"publish","type":"post","link":"https:\/\/blogs.hoy.es\/juegosdeninos\/2012\/04\/17\/titeres-para-todos\/","title":{"rendered":"T\u00edteres para todos"},"content":{"rendered":"<div id=\"attachment_38\" style=\"width: 310px\" class=\"wp-caption aligncenter\"><a href=\"\/juegosdeninos\/wp-content\/uploads\/sites\/27\/2012\/04\/MARISA_PENEQUE-01.jpg\"><img aria-describedby=\"caption-attachment-38\" loading=\"lazy\" class=\"size-medium wp-image-38\" title=\"El festival de t\u00edteres llegar\u00e1 con muchos personajes. \/ Marisa N\u00fa\u00f1ez\" src=\"\/juegosdeninos\/wp-content\/uploads\/sites\/27\/2012\/04\/MARISA_PENEQUE-01.jpg\" alt=\"El festival de t\u00edteres llegar\u00e1 con muchos personajes. \/ Marisa N\u00fa\u00f1ez\" width=\"300\" height=\"200\" srcset=\"https:\/\/static-blogs.hoy.es\/wp-content\/uploads\/sites\/27\/2012\/04\/MARISA_PENEQUE-01.jpg 2592w, https:\/\/static-blogs.hoy.es\/wp-content\/uploads\/sites\/27\/2012\/04\/MARISA_PENEQUE-01-300x200.jpg 300w, https:\/\/static-blogs.hoy.es\/wp-content\/uploads\/sites\/27\/2012\/04\/MARISA_PENEQUE-01-768x512.jpg 768w, https:\/\/static-blogs.hoy.es\/wp-content\/uploads\/sites\/27\/2012\/04\/MARISA_PENEQUE-01-1024x683.jpg 1024w\" sizes=\"(max-width: 300px) 100vw, 300px\" \/><\/a><p id=\"caption-attachment-38\" class=\"wp-caption-text\">El festival de t\u00edteres llegar\u00e1 con muchos personajes. \/ Marisa N\u00fa\u00f1ez<\/p><\/div>\n<p>Es un arte ancestral que se practica desde la \u00e9poca de las cavernas, cuando el hombre proyectaba su sombra sobre las paredes para entretenerse. <strong>Los t\u00edteres y las marionetas<\/strong> ejercen sobre los ni\u00f1os un curioso influjo. La empresa infantil Miguel Pino present\u00f3 ayer el <a href=\"http:\/\/www.festivaltiterescaceres.es\" target=\"_blank\" rel=\"external nofollow\">II Festival de T\u00edteres San Jorge<\/a>. El rato fue glorioso, nada que ver con la t\u00edpica rueda de prensa rollo. Se llevaron a sus personajes y nos contaron curiosidades de este oficio. Son los herederos del creador de <strong>&#8216;Peneque el Valiente&#8217;<\/strong>, creado en 1959.<\/p>\n<p>Ellos se encargar\u00e1n de presentar a las cuatro compa\u00f1\u00edas que act\u00faan del 21 al 23 de abril en C\u00e1ceres. Antonio y Miguel Pino contaron que estos espect\u00e1culos los pueden disfrutar<strong> ni\u00f1os a partir de un a\u00f1o y medio<\/strong> y que no hay tope de edad: padres, abuelos y t\u00edos se lo pasan pipa. Ah\u00ed va el programa. Las entradas cuestan 5 euros en taquilla y se puede adquirir un abono de 16 euros para las cuatro sesiones. Todas las sesiones son en el <strong>Auditorio Parque del Pr\u00edncipe.<\/strong> Esperemos que no llueva.<\/p>\n<p><strong>Historias del camino<\/strong>: S\u00e1bado 21 de abril a las 18 horas. <a href=\"http:\/\/www.cristoforocolombo.es\" target=\"_blank\" rel=\"external nofollow\">Compa\u00f1\u00eda Crist\u00f3foro Colombo<\/a>.<\/p>\n<p><strong>S\u00b4tupendo:<\/strong> Domingo, 22 de abril a las 18 horas. <a href=\"http:\/\/www.titeresalbero.es\" target=\"_blank\" rel=\"external nofollow\">Compa\u00f1\u00eda Albero Teatro<\/a>.<\/p>\n<p><strong>1,2,3&#8230;Imagina:<\/strong> Domingo, 22 de abril a las 12,30 horas. <a href=\"http:\/\/www.losgorriones.es\" target=\"_blank\" rel=\"external nofollow\">Compa\u00f1\u00eda Los Gorriones.<\/a><\/p>\n<p><strong>Pinocho, coraz\u00f3n de madera:<\/strong> Lunes, 23 de abril a las 12,30 horas. <a href=\"http:\/\/www.okarino.com\" target=\"_blank\" rel=\"external nofollow\">Compa\u00f1\u00eda Okarino Trapisonda<\/a>.<\/p>\n<!-- AddThis Advanced Settings generic via filter on the_content --><!-- AddThis Share Buttons generic via filter on the_content -->","protected":false},"excerpt":{"rendered":"<p>Es un arte ancestral que se practica desde la \u00e9poca de las cavernas, cuando el hombre proyectaba su sombra sobre las paredes para entretenerse. Los t\u00edteres y las marionetas ejercen sobre los ni\u00f1os un curioso influjo. La empresa infantil Miguel Pino present\u00f3 ayer el II Festival de T\u00edteres San Jorge. El rato fue glorioso, nada [&hellip;]<!-- AddThis Advanced Settings generic via filter on get_the_excerpt --><!-- AddThis Share Buttons generic via filter on get_the_excerpt --><\/p>\n","protected":false},"author":33,"featured_media":0,"comment_status":"open","ping_status":"closed","sticky":false,"template":"","format":"standard","meta":[],"categories":[7],"tags":[23,116,213,283,301,310],"_links":{"self":[{"href":"https:\/\/blogs.hoy.es\/juegosdeninos\/wp-json\/wp\/v2\/posts\/37"}],"collection":[{"href":"https:\/\/blogs.hoy.es\/juegosdeninos\/wp-json\/wp\/v2\/posts"}],"about":[{"href":"https:\/\/blogs.hoy.es\/juegosdeninos\/wp-json\/wp\/v2\/types\/post"}],"author":[{"embeddable":true,"href":"https:\/\/blogs.hoy.es\/juegosdeninos\/wp-json\/wp\/v2\/users\/33"}],"replies":[{"embeddable":true,"href":"https:\/\/blogs.hoy.es\/juegosdeninos\/wp-json\/wp\/v2\/comments?post=37"}],"version-history":[{"count":0,"href":"https:\/\/blogs.hoy.es\/juegosdeninos\/wp-json\/wp\/v2\/posts\/37\/revisions"}],"wp:attachment":[{"href":"https:\/\/blogs.hoy.es\/juegosdeninos\/wp-json\/wp\/v2\/media?parent=37"}],"wp:term":[{"taxonomy":"category","embeddable":true,"href":"https:\/\/blogs.hoy.es\/juegosdeninos\/wp-json\/wp\/v2\/categories?post=37"},{"taxonomy":"post_tag","embeddable":true,"href":"https:\/\/blogs.hoy.es\/juegosdeninos\/wp-json\/wp\/v2\/tags?post=37"}],"curies":[{"name":"wp","href":"https:\/\/api.w.org\/{rel}","templated":true}]}}