{"id":57,"date":"2012-04-24T10:42:42","date_gmt":"2012-04-24T10:42:42","guid":{"rendered":"http:\/\/blogs.hoy.es\/juegosdeninos\/?p=57"},"modified":"2012-04-24T10:42:42","modified_gmt":"2012-04-24T10:42:42","slug":"como-elegir-escuela-infantil","status":"publish","type":"post","link":"https:\/\/blogs.hoy.es\/juegosdeninos\/2012\/04\/24\/como-elegir-escuela-infantil\/","title":{"rendered":"C\u00f3mo elegir escuela infantil"},"content":{"rendered":"<div id=\"attachment_62\" style=\"width: 310px\" class=\"wp-caption aligncenter\"><a href=\"\/juegosdeninos\/wp-content\/uploads\/sites\/27\/2012\/04\/guarde3.jpg\"><img aria-describedby=\"caption-attachment-62\" loading=\"lazy\" class=\"size-medium wp-image-62\" title=\"GUARDERIA DEL HOSPITAL SAL PEDRO DE ALCANTARA\" src=\"\/juegosdeninos\/wp-content\/uploads\/sites\/27\/2012\/04\/guarde3.jpg\" alt=\"GUARDERIA DEL HOSPITAL SAL PEDRO DE ALCANTARA\" width=\"300\" height=\"200\" srcset=\"https:\/\/static-blogs.hoy.es\/wp-content\/uploads\/sites\/27\/2012\/04\/guarde3.jpg 1272w, https:\/\/static-blogs.hoy.es\/wp-content\/uploads\/sites\/27\/2012\/04\/guarde3-300x200.jpg 300w, https:\/\/static-blogs.hoy.es\/wp-content\/uploads\/sites\/27\/2012\/04\/guarde3-768x512.jpg 768w, https:\/\/static-blogs.hoy.es\/wp-content\/uploads\/sites\/27\/2012\/04\/guarde3-1024x683.jpg 1024w\" sizes=\"(max-width: 300px) 100vw, 300px\" \/><\/a><p id=\"caption-attachment-62\" class=\"wp-caption-text\">Escuela infantil Veo-Veo, en C\u00e1ceres. Foto: Marisa N\u00fa\u00f1ez<\/p><\/div>\n<p>Las <strong>guarder\u00edas ya no se llaman guarder\u00edas<\/strong>, sino escuelas infantiles. Toma ya. Es una de las primeras cosas que se aprende cuando uno inicia la b\u00fasqueda de centro para los peque\u00f1os. Directores y educadores se empe\u00f1an en dejar claro que no es un lugar en el que <strong>&#8220;aparcar&#8221; infantes<\/strong>, sino que hay un personal formado, unos programas educativos muy estudiados y unas estrategias que sea adaptan a las necesidades de los ni\u00f1os. Casi todos los centros &#8220;venden&#8221; su cat\u00e1logo de actividades: <strong>de la psicomotricidad a los idiomas, pasando por la lengua de signos o la m\u00fasica<\/strong>. Son tan chiquitines (de 0 a 3 a\u00f1os) que uno duda de que m\u00e1s all\u00e1 de tenerles <strong>seguros y limpios<\/strong> puedan hacer algo m\u00e1s con ellos, pero s\u00ed. Al menos lo intentan.<\/p>\n<p>Encontrar un<strong> centro <\/strong> que se ajuste a lo que buscamos es todo un reto. Hay un mont\u00f3n de factores que unir y conciliar. Hace alrededor de un a\u00f1o empec\u00e9 mi particular brujuleo por las <strong>guarder\u00edas de C\u00e1ceres<\/strong> (\u00a1uy, perd\u00f3n, escuelas infantiles!) para que Pablo empezara en septiembre. Vi un poco de todo (visit\u00e9 alrededor de 10) y saqu\u00e9 algunas conclusiones que quiero compartir aqu\u00ed.<\/p>\n<p>Soy de las que piensa que la guarder\u00eda es <strong>una opci\u00f3n muy \u00fatil<\/strong> pero de la que no hay que abusar. Y abusar es, bajo mi punto de vista, dejar all\u00ed a los ni\u00f1os <strong>demasiado peque\u00f1os<\/strong> (lo ideal ser\u00eda a partir del a\u00f1o) o <strong>demasiadas horas<\/strong> (dicen que el l\u00edmite est\u00e1 en 7, lo cual a m\u00ed ya me parece mucho). Pero como normalmente <strong>no hay otra soluci\u00f3n<\/strong> para conciliar nuestros horarios laborales al cuidado del ni\u00f1o, es mejor tomar la mejor decisi\u00f3n <strong>sin remordimientos y con cabeza.<\/strong> Y pensando en el ni\u00f1o. He aqu\u00ed un dec\u00e1logo (bueno, en realidad es un &#8220;oct\u00e1logo&#8221;) de aspectos a tener en cuenta a la hora de elegir.<\/p>\n<p><strong>-Visitar la escuela infantil:<\/strong> Concertar una cita, a poder ser con el director\/a en la que nos ense\u00f1en la guarder\u00eda en profundidad (aulas, espacios comunes, patios). En esa entrevista nos deber\u00e1n explicar <strong>todos los detalles de funcionamiento del centro. <\/strong>Hay que quemar zapatos: ver mucho y comparar. Y ser plasta preguntando. Una de las cuestiones que hablan de la <strong>transparencia de la guarder\u00eda<\/strong> es que se\u00e1is vosotros mismos los que acced\u00e1is al lugar en el que est\u00e1 vuestro hijo para recogerle.<\/p>\n<p><strong>-Instalaciones del centro:<\/strong> Uno de los aspectos que hablan bien de una guarder\u00eda es la limpieza. Fijaos en el estado general del centro, en los juguetes y en el mobiliario. Es intresante tener en cuenta la <strong>luz natural, la ventilaci\u00f3n y la presencia de patios amplios con sombra o toldos<\/strong> que solo utilicen los ni\u00f1os de la guarder\u00eda. Preguntad c\u00f3mo distribuir\u00e1n los grupos y si hay aulas separadas para cada grupo de edad. Es interesante que los ni\u00f1os, sobre todo cuando son peque\u00f1itos, est\u00e9n con peque\u00f1os iguales a ellos, que no se lleven entre s\u00ed m\u00e1s de 4 o 5 meses.<\/p>\n<p><strong>-Ratio cuidador\/ni\u00f1o:<\/strong> Es uno de los aspectos fundamentales. En las escuelas p\u00fablicas lo respetan escrupulosamente, en las privadas si pueden meten alguno m\u00e1s (\u00a1\u00a1al fin y al cabo es un negocio!!). La Junta de Extremadura marca que para ni\u00f1os de <strong>entre 0-1 a\u00f1o debe haber 8 ni\u00f1os por cuidador. De 1-2 a\u00f1os son 12 y de 2-3 a\u00f1os, 20<\/strong>. Si hay m\u00e1s ni\u00f1os por aula deber\u00eda haber apoyos o auxiliares que echen una mano al educador titular. Sed insistentes y <strong>preguntad sobre el tema.<\/strong><\/p>\n<p><strong>-Horarios:<\/strong> B\u00e1sico, b\u00e1sico. Hay algunas guardes, sobre todo en ciudades peque\u00f1as, cierran por la tarde, y hay padres que las necesitan por las tardes. Tambi\u00e9n suele haber horarios m\u00ednimos<strong> (habitualmente de 10 a 13)<\/strong> en los que no pueden entrar ni salir ni\u00f1os. Dejadlo muy claro.<\/p>\n<p><strong>-Precios:<\/strong> Oscilan en funci\u00f3n de las horas. La media en las privadas va de los <strong>150 a los 180 euros<\/strong> por el m\u00ednimo de horas (5, normalmente). A eso hay que a\u00f1adir los extras (por ejemplo, que coman o que merienden). En las escuelas p\u00fablicas el precio va de la gratuidad total a los <strong>202 euros mensuales<\/strong>. En este caso depende de la renta familiar.<\/p>\n<p><strong>-Ubicaci\u00f3n de la guarder\u00eda:<\/strong> Es fundamental que la guarder\u00eda <strong>est\u00e9 cerca de casa o del trabajo<\/strong>. O si no es as\u00ed, que teng\u00e1is una buena combinaci\u00f3n de transportes. Si os decid\u00eds por una de ellas, conviene que calcul\u00e9is el tiempo en vuestros<strong> trayectos diarios.<\/strong><\/p>\n<p><strong>-Educador\/a:<\/strong> M\u00e1s all\u00e1 de las instalaciones o las actividades que tenga una escuela conviene conocer el equipo humano que va cuidar de vuestro hijo. Es una <strong>cuesti\u00f3n de confianza<\/strong>. A veces la guarder\u00eda no es perfecta, pero la persona que la atiende puede daros muy <strong>buenas vibraciones<\/strong>. Tambi\u00e9n hay que tenerlo en cuenta. Hoy en d\u00eda la titulaci\u00f3n es fundamental (FP o Diplomados en Educaci\u00f3n Infantil).<\/p>\n<p><strong>-Actividades:<\/strong> Hoy en d\u00eda casi todos los centros tienen amplios programas de actividades con los ni\u00f1os. No faltan los <strong>disfraces, las fiestas locales, los Reyes Magos, la fiesta de Primavera, el Oto\u00f1o\u00a0 o el Invierno<\/strong> y un largo etc\u00e9tera, adem\u00e1s de las fichas diarias. V\u00e1is a estar muy entretenidos.<\/p>\n<div id=\"attachment_59\" style=\"width: 310px\" class=\"wp-caption aligncenter\"><a href=\"\/juegosdeninos\/wp-content\/uploads\/sites\/27\/2012\/04\/guarguar.jpg\"><img aria-describedby=\"caption-attachment-59\" loading=\"lazy\" class=\"size-medium wp-image-59\" title=\"GUARDERIA UNIVERSITARIA, CURSO DE NATACION.\" src=\"\/juegosdeninos\/wp-content\/uploads\/sites\/27\/2012\/04\/guarguar.jpg\" alt=\"GUARDERIA UNIVERSITARIA, CURSO DE NATACION.\" width=\"300\" height=\"218\" srcset=\"https:\/\/static-blogs.hoy.es\/wp-content\/uploads\/sites\/27\/2012\/04\/guarguar.jpg 872w, https:\/\/static-blogs.hoy.es\/wp-content\/uploads\/sites\/27\/2012\/04\/guarguar-300x218.jpg 300w, https:\/\/static-blogs.hoy.es\/wp-content\/uploads\/sites\/27\/2012\/04\/guarguar-768x559.jpg 768w\" sizes=\"(max-width: 300px) 100vw, 300px\" \/><\/a><p id=\"caption-attachment-59\" class=\"wp-caption-text\">Cursos de nataci\u00f3n para los ni\u00f1os de la guarder\u00eda Universitaria de C\u00e1ceres<\/p><\/div>\n<p><strong>PLAZO EN LAS GUARDER\u00cdAS P\u00daBLICAS DE EXTREMADURA<\/strong><\/p>\n<p>El plazo para solicitar plaza en las escuelas p\u00fablicas de Extremadura est\u00e1 a punto de terminar: <strong>el d\u00eda 30 de abril<\/strong> es el \u00faltimo para formalizar la solicitud. Todos los detalles pod\u00e9is y los impresos de solicitudes pod\u00e9is encontrarlos <a href=\"http:\/\/www.educarex.es\" target=\"_blank\" rel=\"external nofollow\">pinchando aqu\u00ed<\/a>.<\/p>\n<p>En C\u00e1ceres hay seis, que brindan 477 plazas. Son las escuelas <strong>Santa B\u00e1rbara, Santa Luc\u00eda, Rayuela, Nuestra Se\u00f1ora de la Monta\u00f1a, La Cometa y Payaso Fof\u00f3.<\/strong><\/p>\n<p>En Badajoz, tal y como informaba en HOY la periodista Roc\u00edo Romero, hay ocho guader\u00edas p\u00fablicas. El centro que cada a\u00f1o acumula m\u00e1s solicitudes es el de <strong>Los Diminutos<\/strong>, que se encuentra en Ciudad Jard\u00edn. Otros dos, <strong>La Albayada y La Serena<\/strong>, se ubican en San Roque, el centro <strong>Pepe Reyes<\/strong> est\u00e1 en el Cerro de Reyes y los otros cuatro en la margen derecha: <strong>Nuestra Se\u00f1ora de B\u00f3toa<\/strong>, <strong>Pastores de Bel\u00e9n<\/strong>, <strong>La Luneta<\/strong> y <strong>Las Acacias<\/strong>.<\/p>\n<!-- AddThis Advanced Settings generic via filter on the_content --><!-- AddThis Share Buttons generic via filter on the_content -->","protected":false},"excerpt":{"rendered":"<p>Las guarder\u00edas ya no se llaman guarder\u00edas, sino escuelas infantiles. Toma ya. Es una de las primeras cosas que se aprende cuando uno inicia la b\u00fasqueda de centro para los peque\u00f1os. Directores y educadores se empe\u00f1an en dejar claro que no es un lugar en el que &#8220;aparcar&#8221; infantes, sino que hay un personal formado, [&hellip;]<!-- AddThis Advanced Settings generic via filter on get_the_excerpt --><!-- AddThis Share Buttons generic via filter on get_the_excerpt --><\/p>\n","protected":false},"author":33,"featured_media":0,"comment_status":"open","ping_status":"closed","sticky":false,"template":"","format":"standard","meta":[],"categories":[2],"tags":[13,119,211,240,261],"_links":{"self":[{"href":"https:\/\/blogs.hoy.es\/juegosdeninos\/wp-json\/wp\/v2\/posts\/57"}],"collection":[{"href":"https:\/\/blogs.hoy.es\/juegosdeninos\/wp-json\/wp\/v2\/posts"}],"about":[{"href":"https:\/\/blogs.hoy.es\/juegosdeninos\/wp-json\/wp\/v2\/types\/post"}],"author":[{"embeddable":true,"href":"https:\/\/blogs.hoy.es\/juegosdeninos\/wp-json\/wp\/v2\/users\/33"}],"replies":[{"embeddable":true,"href":"https:\/\/blogs.hoy.es\/juegosdeninos\/wp-json\/wp\/v2\/comments?post=57"}],"version-history":[{"count":0,"href":"https:\/\/blogs.hoy.es\/juegosdeninos\/wp-json\/wp\/v2\/posts\/57\/revisions"}],"wp:attachment":[{"href":"https:\/\/blogs.hoy.es\/juegosdeninos\/wp-json\/wp\/v2\/media?parent=57"}],"wp:term":[{"taxonomy":"category","embeddable":true,"href":"https:\/\/blogs.hoy.es\/juegosdeninos\/wp-json\/wp\/v2\/categories?post=57"},{"taxonomy":"post_tag","embeddable":true,"href":"https:\/\/blogs.hoy.es\/juegosdeninos\/wp-json\/wp\/v2\/tags?post=57"}],"curies":[{"name":"wp","href":"https:\/\/api.w.org\/{rel}","templated":true}]}}