{"id":70,"date":"2012-04-29T17:21:22","date_gmt":"2012-04-29T17:21:22","guid":{"rendered":"http:\/\/blogs.hoy.es\/juegosdeninos\/?p=70"},"modified":"2012-04-29T17:21:22","modified_gmt":"2012-04-29T17:21:22","slug":"pequenas-lecturas","status":"publish","type":"post","link":"https:\/\/blogs.hoy.es\/juegosdeninos\/2012\/04\/29\/pequenas-lecturas\/","title":{"rendered":"Peque\u00f1as lecturas"},"content":{"rendered":"<div id=\"attachment_71\" style=\"width: 310px\" class=\"wp-caption aligncenter\"><a href=\"\/juegosdeninos\/wp-content\/uploads\/sites\/27\/2012\/04\/MARISA_LIBRO-08.jpg\"><img aria-describedby=\"caption-attachment-71\" loading=\"lazy\" class=\"size-medium wp-image-71\" title=\"MARISA_LIBRO 08\" src=\"\/juegosdeninos\/wp-content\/uploads\/sites\/27\/2012\/04\/MARISA_LIBRO-08.jpg\" alt=\"MARISA_LIBRO 08\" width=\"300\" height=\"200\" srcset=\"https:\/\/static-blogs.hoy.es\/wp-content\/uploads\/sites\/27\/2012\/04\/MARISA_LIBRO-08.jpg 778w, https:\/\/static-blogs.hoy.es\/wp-content\/uploads\/sites\/27\/2012\/04\/MARISA_LIBRO-08-300x200.jpg 300w, https:\/\/static-blogs.hoy.es\/wp-content\/uploads\/sites\/27\/2012\/04\/MARISA_LIBRO-08-768x512.jpg 768w\" sizes=\"(max-width: 300px) 100vw, 300px\" \/><\/a><p id=\"caption-attachment-71\" class=\"wp-caption-text\">Espacio infantil dentro de la caseta de la librer\u00eda &#39;\u00c1lvaro&#39;. Foto: Marisa N\u00fa\u00f1ez<\/p><\/div>\n<p>Estos d\u00edas la Feria del Libro de C\u00e1ceres <strong>nos pone en bandeja el placer de la lectura<\/strong>. Yo leo poco, no le voy a echar la culpa al peque\u00f1uelo porque antes tambi\u00e9n le\u00eda menos de lo que deb\u00eda, pero ahora, con ese pu\u00f1ado de minutillos libres al d\u00eda poco puedo hacer por cultivarme. En mi descargo he de decir que he le\u00eddo bastante (cuando era moza mucho), que en mi mesilla siempre hay libros y que no encuentro<strong> placer m\u00e1s delicioso<\/strong> que sumergirme en una buena historia.<\/p>\n<p>Esta semana cubro la Feria y en el <a href=\"http:\/\/www.hoy.es\/v\/20120429\/caceres\/feria-para-lectores-futuro-20120429.html\" target=\"_blank\" rel=\"external nofollow\">art\u00edculo de hoy<\/a> <strong><\/strong> me centro en la enorme oferta infantil que ofrece esta cita. El sector editorial para los enanillos va a toda mecha. Seg\u00fan dicen los expertos, funciona a las mil maravillas. Fijaos en los espacios dedicados a los ni\u00f1os en las librer\u00edas. Est\u00e1n currad\u00edsimos. Hay libros desde la m\u00e1s <strong>tierna infancia<\/strong> hasta la adolescencia. Ayer hablaba con algunos libreros sobre este boom, y me ense\u00f1aban algunos t\u00edtulos interesantes. Escritores e ilustradores est\u00e1n echando el resto y creando peque\u00f1as obras de arte que da gusto ver.<\/p>\n<p>El viernes saqu\u00e9 el monedero y me llev\u00e9 <strong>unas cuantas cosillas<\/strong> que ir\u00e9 dosific\u00e1ndole a Pablo. Esperemos que le guste la lectura y que no use los libros para otros menesteres como <strong>calzar camas<\/strong> o <strong>adornar estanter\u00edas<\/strong>.<\/p>\n<p>\u00a1Ah! En la Feria tienen una caseta para ni\u00f1os con <strong>cuentacuentos<\/strong>, <strong>pintacaras<\/strong> y otros entretenimientos. Gratis total.<\/p>\n<p>&nbsp;<\/p>\n<p>&nbsp;<\/p>\n<!-- AddThis Advanced Settings generic via filter on the_content --><!-- AddThis Share Buttons generic via filter on the_content -->","protected":false},"excerpt":{"rendered":"<p>Estos d\u00edas la Feria del Libro de C\u00e1ceres nos pone en bandeja el placer de la lectura. Yo leo poco, no le voy a echar la culpa al peque\u00f1uelo porque antes tambi\u00e9n le\u00eda menos de lo que deb\u00eda, pero ahora, con ese pu\u00f1ado de minutillos libres al d\u00eda poco puedo hacer por cultivarme. En mi [&hellip;]<!-- AddThis Advanced Settings generic via filter on get_the_excerpt --><!-- AddThis Share Buttons generic via filter on get_the_excerpt --><\/p>\n","protected":false},"author":33,"featured_media":0,"comment_status":"open","ping_status":"closed","sticky":false,"template":"","format":"standard","meta":[],"categories":[2],"tags":[21,133,160,179],"_links":{"self":[{"href":"https:\/\/blogs.hoy.es\/juegosdeninos\/wp-json\/wp\/v2\/posts\/70"}],"collection":[{"href":"https:\/\/blogs.hoy.es\/juegosdeninos\/wp-json\/wp\/v2\/posts"}],"about":[{"href":"https:\/\/blogs.hoy.es\/juegosdeninos\/wp-json\/wp\/v2\/types\/post"}],"author":[{"embeddable":true,"href":"https:\/\/blogs.hoy.es\/juegosdeninos\/wp-json\/wp\/v2\/users\/33"}],"replies":[{"embeddable":true,"href":"https:\/\/blogs.hoy.es\/juegosdeninos\/wp-json\/wp\/v2\/comments?post=70"}],"version-history":[{"count":0,"href":"https:\/\/blogs.hoy.es\/juegosdeninos\/wp-json\/wp\/v2\/posts\/70\/revisions"}],"wp:attachment":[{"href":"https:\/\/blogs.hoy.es\/juegosdeninos\/wp-json\/wp\/v2\/media?parent=70"}],"wp:term":[{"taxonomy":"category","embeddable":true,"href":"https:\/\/blogs.hoy.es\/juegosdeninos\/wp-json\/wp\/v2\/categories?post=70"},{"taxonomy":"post_tag","embeddable":true,"href":"https:\/\/blogs.hoy.es\/juegosdeninos\/wp-json\/wp\/v2\/tags?post=70"}],"curies":[{"name":"wp","href":"https:\/\/api.w.org\/{rel}","templated":true}]}}