{"id":491,"date":"2016-05-10T19:43:52","date_gmt":"2016-05-10T17:43:52","guid":{"rendered":"http:\/\/blogs.hoy.es\/lacucharadesanandres\/?p=491"},"modified":"2016-05-10T19:43:52","modified_gmt":"2016-05-10T17:43:52","slug":"aguinaga-y-el-laurel-de-ortega","status":"publish","type":"post","link":"https:\/\/blogs.hoy.es\/lacucharadesanandres\/2016\/05\/10\/aguinaga-y-el-laurel-de-ortega\/","title":{"rendered":"AGUINAGA Y EL LAUREL DE ORTEGA"},"content":{"rendered":"<div id=\"attachment_493\" style=\"width: 1034px\" class=\"wp-caption aligncenter\"><a href=\"\/lacucharadesanandres\/wp-content\/uploads\/sites\/73\/2016\/05\/Aguinaga-11.jpg\"><img aria-describedby=\"caption-attachment-493\" loading=\"lazy\" class=\"size-large wp-image-493\" src=\"\/lacucharadesanandres\/wp-content\/uploads\/sites\/73\/2016\/05\/Aguinaga-11.jpg\" alt=\"\" width=\"1024\" height=\"608\" srcset=\"https:\/\/static-blogs.hoy.es\/wp-content\/uploads\/sites\/73\/2016\/05\/Aguinaga-11.jpg 1335w, https:\/\/static-blogs.hoy.es\/wp-content\/uploads\/sites\/73\/2016\/05\/Aguinaga-11-300x178.jpg 300w, https:\/\/static-blogs.hoy.es\/wp-content\/uploads\/sites\/73\/2016\/05\/Aguinaga-11-768x456.jpg 768w, https:\/\/static-blogs.hoy.es\/wp-content\/uploads\/sites\/73\/2016\/05\/Aguinaga-11-1024x608.jpg 1024w\" sizes=\"(max-width: 1024px) 100vw, 1024px\" \/><\/a><p id=\"caption-attachment-493\" class=\"wp-caption-text\">Enrique de Aguinaga, mi maestro.<\/p><\/div>\n<p>Ya son 92 las primaveras;\u00a0<strong> tan luminosas como si Eugenio siguiera proclam\u00e1ndolas eternas en sus ojos.<\/strong> Por mi maestro le tengo. Maestro entre maestros. <strong>Enrique de Aguinaga, la lucidez, el genio tranquilo, el caballero.<\/strong> Extreme\u00f1o ilustre, decano de periodistas, cronista de la Villa de Madrid y sobre todo, <strong>cabal entre los cabales<\/strong>.<\/p>\n<p>Hoy les traigo una an\u00e9cdota culinaria tal y como \u00e9l me la\u00a0cont\u00f3. <strong>Una de esas an\u00e9cdotas donde se compendia la vida espa\u00f1ola mejor que en los propios libros de Historia.<\/strong> Octubre de 1955, fallec\u00eda Ortega y Gasset. En el funeral, una corona de laurel. Lauro de las letras y a\u00fan del triunfo sobre la muerte. De aquella corona de\u00a0la Sacramental de San Isidro <strong>Aguinaga tom\u00f3 para s\u00ed una ramita que, a modo de homenaje perpetuo,\u00a0coloc\u00f3 sobre un cuadro en el despacho<\/strong> de su casa. All\u00ed se acomod\u00f3 el recuerdo, all\u00ed el laurel de Ortega. Pero no tard\u00f3 Aguinaga en echar en falta su laurel. <strong>\u201c\u00bfD\u00f3nde est\u00e1 el laurel de Ortega?\u201d, pregunt\u00f3 a su esposa Manolis.<\/strong> Tan sorprendida como \u00e9l, no supo darle cuenta de la profanaci\u00f3n. Busc\u00f3 y rebusc\u00f3. Parec\u00eda irresoluble el caso. <strong>Novela negra en zapatillas.<\/strong> Por aquel entonces prestaba sus servicios en la casa una cocinera de Huelva, <strong>Juana<\/strong> se llamaba. Ni de Ortega, ni de su\u00a0hermano\u00a0ten\u00eda noticias la tal se\u00f1ora. <strong>Y, aunque pudiera ser analfabeta, tra\u00eda en los pucheros toda la gracia de la marisma, todo el fandango de la sierra.<\/strong> Aguinaga pregunt\u00f3 por el laurel, y Juana, con la inocencia por bandera, contest\u00f3: <strong>\u201c\u00bfEl laurel? \u00a1En el puchero de ayer!<\/strong> Que ten\u00eda prisa y por no bajar\u2026\u201d Supongo que Don Enrique pasar\u00eda un mal rato al saber que se hab\u00eda metido entre pecho y espalda parte del aparato funerario de un fil\u00f3sofo. De lo que estoy seguro es que perdon\u00f3 y, a la postre, ri\u00f3. Rieron, \u00e9l y su esposa que ya en paz descansa. Pocos hombres son capaces de conciliar como \u00e9l lo cotidiano, lo humilde, lo vivido, con las altas creaciones del esp\u00edritu. Quiz\u00e1 ese fuera el mejor destino que se le pudiera dar al laurel de Ortega.<strong> Alimento del esp\u00edritu.<\/strong><\/p>\n<p><strong>\u201cPara Fernando Valbuena, ambos, a la sombra de un ruise\u00f1or\u201d, as\u00ed me dedicaba uno de sus libros. Y pienso que la palabra ambos me viene grande.<\/strong> Maestro, gracias por el ejemplo. <strong>Por el arquetipo.<\/strong> Por el periodismo sin alteraci\u00f3n. Y larga vida al ruise\u00f1or.<\/p>\n<!-- AddThis Advanced Settings generic via filter on the_content --><!-- AddThis Share Buttons generic via filter on the_content -->","protected":false},"excerpt":{"rendered":"<p>Ya son 92 las primaveras;\u00a0 tan luminosas como si Eugenio siguiera proclam\u00e1ndolas eternas en sus ojos. Por mi maestro le tengo. Maestro entre maestros. Enrique de Aguinaga, la lucidez, el genio tranquilo, el caballero. Extreme\u00f1o ilustre, decano de periodistas, cronista de la Villa de Madrid y sobre todo, cabal entre los cabales. Hoy les traigo [&hellip;]<!-- AddThis Advanced Settings generic via filter on get_the_excerpt --><!-- AddThis Share Buttons generic via filter on get_the_excerpt --><\/p>\n","protected":false},"author":87,"featured_media":0,"comment_status":"open","ping_status":"closed","sticky":false,"template":"","format":"standard","meta":[],"categories":[2],"tags":[226,308,463,493,544,637],"_links":{"self":[{"href":"https:\/\/blogs.hoy.es\/lacucharadesanandres\/wp-json\/wp\/v2\/posts\/491"}],"collection":[{"href":"https:\/\/blogs.hoy.es\/lacucharadesanandres\/wp-json\/wp\/v2\/posts"}],"about":[{"href":"https:\/\/blogs.hoy.es\/lacucharadesanandres\/wp-json\/wp\/v2\/types\/post"}],"author":[{"embeddable":true,"href":"https:\/\/blogs.hoy.es\/lacucharadesanandres\/wp-json\/wp\/v2\/users\/87"}],"replies":[{"embeddable":true,"href":"https:\/\/blogs.hoy.es\/lacucharadesanandres\/wp-json\/wp\/v2\/comments?post=491"}],"version-history":[{"count":0,"href":"https:\/\/blogs.hoy.es\/lacucharadesanandres\/wp-json\/wp\/v2\/posts\/491\/revisions"}],"wp:attachment":[{"href":"https:\/\/blogs.hoy.es\/lacucharadesanandres\/wp-json\/wp\/v2\/media?parent=491"}],"wp:term":[{"taxonomy":"category","embeddable":true,"href":"https:\/\/blogs.hoy.es\/lacucharadesanandres\/wp-json\/wp\/v2\/categories?post=491"},{"taxonomy":"post_tag","embeddable":true,"href":"https:\/\/blogs.hoy.es\/lacucharadesanandres\/wp-json\/wp\/v2\/tags?post=491"}],"curies":[{"name":"wp","href":"https:\/\/api.w.org\/{rel}","templated":true}]}}