{"id":114,"date":"2012-04-10T09:39:35","date_gmt":"2012-04-10T09:39:35","guid":{"rendered":"http:\/\/blogs.hoy.es\/lamiradaatenta\/?p=114"},"modified":"2012-04-10T09:39:35","modified_gmt":"2012-04-10T09:39:35","slug":"visitas-ilustres","status":"publish","type":"post","link":"https:\/\/blogs.hoy.es\/lamiradaatenta\/2012\/04\/10\/visitas-ilustres\/","title":{"rendered":"Visitas ilustres"},"content":{"rendered":"<p><strong><img loading=\"lazy\" class=\"aligncenter size-large wp-image-115\" title=\"carmen sevilla04\" src=\"\/lamiradaatenta\/wp-content\/uploads\/sites\/24\/2012\/04\/carmen-sevilla04.jpg\" alt=\"\" width=\"650\" height=\"431\" srcset=\"https:\/\/static-blogs.hoy.es\/wp-content\/uploads\/sites\/24\/2012\/04\/carmen-sevilla04.jpg 2240w, https:\/\/static-blogs.hoy.es\/wp-content\/uploads\/sites\/24\/2012\/04\/carmen-sevilla04-150x100.jpg 150w, https:\/\/static-blogs.hoy.es\/wp-content\/uploads\/sites\/24\/2012\/04\/carmen-sevilla04-300x199.jpg 300w, https:\/\/static-blogs.hoy.es\/wp-content\/uploads\/sites\/24\/2012\/04\/carmen-sevilla04-768x510.jpg 768w, https:\/\/static-blogs.hoy.es\/wp-content\/uploads\/sites\/24\/2012\/04\/carmen-sevilla04-650x432.jpg 650w\" sizes=\"(max-width: 650px) 100vw, 650px\" \/>Carmen Sevilla<\/strong> es otra de las famosas que ha visitado C\u00e1ceres, y que se ha dejado querer por los cacere\u00f1os. En su recorrido por las calles que hizo en septiembre de 2004 derroch\u00f3 simpat\u00eda entre el p\u00fablico que la esperaba para recoger la <strong>Medalla de las Bellas Artes<\/strong>, de mano de los <strong>Reyes<\/strong>. La mirada atenta no perdi\u00f3 detalle, y supo captar la mirada entre feliz y resignada de una Carmen de Espa\u00f1a que lleg\u00f3 a pensar que hay amores que matan.<\/p>\n<!-- AddThis Advanced Settings generic via filter on the_content --><!-- AddThis Share Buttons generic via filter on the_content -->","protected":false},"excerpt":{"rendered":"<p>Carmen Sevilla es otra de las famosas que ha visitado C\u00e1ceres, y que se ha dejado querer por los cacere\u00f1os. En su recorrido por las calles que hizo en septiembre de 2004 derroch\u00f3 simpat\u00eda entre el p\u00fablico que la esperaba para recoger la Medalla de las Bellas Artes, de mano de los Reyes. La mirada [&hellip;]<!-- AddThis Advanced Settings generic via filter on get_the_excerpt --><!-- AddThis Share Buttons generic via filter on get_the_excerpt --><\/p>\n","protected":false},"author":29,"featured_media":0,"comment_status":"open","ping_status":"closed","sticky":false,"template":"","format":"standard","meta":[],"categories":[2],"tags":[34,51,124,126,190,229,269],"_links":{"self":[{"href":"https:\/\/blogs.hoy.es\/lamiradaatenta\/wp-json\/wp\/v2\/posts\/114"}],"collection":[{"href":"https:\/\/blogs.hoy.es\/lamiradaatenta\/wp-json\/wp\/v2\/posts"}],"about":[{"href":"https:\/\/blogs.hoy.es\/lamiradaatenta\/wp-json\/wp\/v2\/types\/post"}],"author":[{"embeddable":true,"href":"https:\/\/blogs.hoy.es\/lamiradaatenta\/wp-json\/wp\/v2\/users\/29"}],"replies":[{"embeddable":true,"href":"https:\/\/blogs.hoy.es\/lamiradaatenta\/wp-json\/wp\/v2\/comments?post=114"}],"version-history":[{"count":0,"href":"https:\/\/blogs.hoy.es\/lamiradaatenta\/wp-json\/wp\/v2\/posts\/114\/revisions"}],"wp:attachment":[{"href":"https:\/\/blogs.hoy.es\/lamiradaatenta\/wp-json\/wp\/v2\/media?parent=114"}],"wp:term":[{"taxonomy":"category","embeddable":true,"href":"https:\/\/blogs.hoy.es\/lamiradaatenta\/wp-json\/wp\/v2\/categories?post=114"},{"taxonomy":"post_tag","embeddable":true,"href":"https:\/\/blogs.hoy.es\/lamiradaatenta\/wp-json\/wp\/v2\/tags?post=114"}],"curies":[{"name":"wp","href":"https:\/\/api.w.org\/{rel}","templated":true}]}}