{"id":128,"date":"2012-04-13T16:04:42","date_gmt":"2012-04-13T16:04:42","guid":{"rendered":"http:\/\/blogs.hoy.es\/lamiradaatenta\/?p=128"},"modified":"2012-04-13T16:04:42","modified_gmt":"2012-04-13T16:04:42","slug":"extremadura-tierra-de-peliculas","status":"publish","type":"post","link":"https:\/\/blogs.hoy.es\/lamiradaatenta\/2012\/04\/13\/extremadura-tierra-de-peliculas\/","title":{"rendered":"Extremadura, tierra de pel\u00edculas"},"content":{"rendered":"<div id=\"attachment_130\" style=\"width: 521px\" class=\"wp-caption aligncenter\"><img aria-describedby=\"caption-attachment-130\" loading=\"lazy\" class=\"size-full wp-image-130\" title=\"Alfredo Landa y Antonio Resines en un momento del rodaje de La Marrana, en Trujillo, en 1992.\" src=\"\/lamiradaatenta\/wp-content\/uploads\/sites\/24\/2012\/04\/marrana-optimizada-web.jpg\" alt=\"Alfredo Landa y Antonio Resines en un momento del rodaje de La Marrana, en Trujillo, en 1992.\" width=\"511\" height=\"811\" srcset=\"https:\/\/static-blogs.hoy.es\/wp-content\/uploads\/sites\/24\/2012\/04\/marrana-optimizada-web.jpg 511w, https:\/\/static-blogs.hoy.es\/wp-content\/uploads\/sites\/24\/2012\/04\/marrana-optimizada-web-95x150.jpg 95w, https:\/\/static-blogs.hoy.es\/wp-content\/uploads\/sites\/24\/2012\/04\/marrana-optimizada-web-189x300.jpg 189w\" sizes=\"(max-width: 511px) 100vw, 511px\" \/><p id=\"caption-attachment-130\" class=\"wp-caption-text\">Alfredo Landa y Antonio Resines en un momento del rodaje de La Marrana, en Trujillo, en 1992.<\/p><\/div>\n<p><a>Alfredo Landa<\/a> y <a href=\"http:\/\/www.hoycinema.com\/perfil\/Antonio-Resines.htm\" target=\"_blank\" rel=\"external nofollow\">Antonio Resines<\/a> disfrutaron durante el rodaje en <strong>Trujillo<\/strong> de la pel\u00edcula de<br \/>\n<a href=\"http:\/\/www.hoycinema.com\/perfil\/Jose-Luis-Cuerda.htm\" target=\"_blank\" rel=\"external nofollow\">Jose Luis Cuerda<\/a> &#8216;<a href=\"http:\/\/www.youtube.com\/watch?v=plnJ_tNbWMo\" target=\"_blank\" rel=\"external nofollow\">La Marrana<\/a>&#8216;, en 1992 . Su felicidad, no impostada, fue captada por el objetivo de la mirada atenta de <strong>Lorenzo Cordero<\/strong>. Su c\u00e1mara atraviesa el escenario como si fuera una radiograf\u00eda, y m\u00e1s all\u00e1 de los ropajes y del escenario preparado para el rodaje, atrapa el momento de <strong>m\u00e1xima complicidad y relajaci\u00f3n<\/strong> de los protagonistas.<\/p>\n<!-- AddThis Advanced Settings generic via filter on the_content --><!-- AddThis Share Buttons generic via filter on the_content -->","protected":false},"excerpt":{"rendered":"<p>Alfredo Landa y Antonio Resines disfrutaron durante el rodaje en Trujillo de la pel\u00edcula de Jose Luis Cuerda &#8216;La Marrana&#8216;, en 1992 . Su felicidad, no impostada, fue captada por el objetivo de la mirada atenta de Lorenzo Cordero. Su c\u00e1mara atraviesa el escenario como si fuera una radiograf\u00eda, y m\u00e1s all\u00e1 de los ropajes [&hellip;]<!-- AddThis Advanced Settings generic via filter on get_the_excerpt --><!-- AddThis Share Buttons generic via filter on get_the_excerpt --><\/p>\n","protected":false},"author":29,"featured_media":0,"comment_status":"open","ping_status":"closed","sticky":false,"template":"","format":"standard","meta":[],"categories":[2],"tags":[11,20,124,126,158,179,229,299],"_links":{"self":[{"href":"https:\/\/blogs.hoy.es\/lamiradaatenta\/wp-json\/wp\/v2\/posts\/128"}],"collection":[{"href":"https:\/\/blogs.hoy.es\/lamiradaatenta\/wp-json\/wp\/v2\/posts"}],"about":[{"href":"https:\/\/blogs.hoy.es\/lamiradaatenta\/wp-json\/wp\/v2\/types\/post"}],"author":[{"embeddable":true,"href":"https:\/\/blogs.hoy.es\/lamiradaatenta\/wp-json\/wp\/v2\/users\/29"}],"replies":[{"embeddable":true,"href":"https:\/\/blogs.hoy.es\/lamiradaatenta\/wp-json\/wp\/v2\/comments?post=128"}],"version-history":[{"count":0,"href":"https:\/\/blogs.hoy.es\/lamiradaatenta\/wp-json\/wp\/v2\/posts\/128\/revisions"}],"wp:attachment":[{"href":"https:\/\/blogs.hoy.es\/lamiradaatenta\/wp-json\/wp\/v2\/media?parent=128"}],"wp:term":[{"taxonomy":"category","embeddable":true,"href":"https:\/\/blogs.hoy.es\/lamiradaatenta\/wp-json\/wp\/v2\/categories?post=128"},{"taxonomy":"post_tag","embeddable":true,"href":"https:\/\/blogs.hoy.es\/lamiradaatenta\/wp-json\/wp\/v2\/tags?post=128"}],"curies":[{"name":"wp","href":"https:\/\/api.w.org\/{rel}","templated":true}]}}